{"id":2072,"date":"2020-06-15T18:40:58","date_gmt":"2020-06-15T21:40:58","guid":{"rendered":"http:\/\/blogdodjacirpereira.com.br\/blog\/?p=2072"},"modified":"2020-06-15T18:46:24","modified_gmt":"2020-06-15T21:46:24","slug":"matureia-tem-doze-casos-de-covid-19-seis-curados-e-uma-pessoa-internada","status":"publish","type":"post","link":"https:\/\/blogdodjacirpereira.com.br\/blog\/index.php\/2020\/06\/15\/matureia-tem-doze-casos-de-covid-19-seis-curados-e-uma-pessoa-internada\/","title":{"rendered":"Matureia tem doze casos de Covid-19, seis curados e uma pessoa internada"},"content":{"rendered":"<p><img fetchpriority=\"high\" decoding=\"async\" class=\"aligncenter\" src=\"http:\/\/www.portal40graus.com\/thumb.php?w=845&amp;h=390&amp;src=http:\/\/www.portal40graus.com\/images\/fotos_p2_news\/5ee7e7bf383c2_MATUREIA-_FOTO_MATHEUS_FERNANDES.jpg\" width=\"540\" height=\"249\" \/><\/p>\n<p>A cidade de Matureia, localizada na Regi\u00e3o da Serra do Teixeira, tem doze casos confirmados de coronav\u00edrus. Destes, seis pessoas est\u00e3o curadas, cinco em tratamento domiciliar e uma internada, de acordo com atualiza\u00e7\u00e3o do boletim epidemiol\u00f3gico, desta segunda-feira, 15, divulgado pela Secretaria Municipal de Sa\u00fade.<\/p>\n<p>05 pessoas continuam como suspeitas e n\u00e3o h\u00e1 registro de morte desde o in\u00edcio da pandemia. 45 casos j\u00e1 foram descartados.<\/p>\n<p>Matureia tem desenvolvido a\u00e7\u00f5es no combate ao covid-19 e tem controlado o aumento de casos.<\/p>\n<p>A Prefeitura Municipal de Matureia publicou o novo Decreto N\u00ba 20\/2020 que prorroga o Estado de Calamidade P\u00fablica no munic\u00edpio pelo prazo de 180 dias em raz\u00e3o do enfrentamento da pandemia do novo coronav\u00edrus (covid-19) e, ainda, estabelece crit\u00e9rios e estrat\u00e9gias para o Plano Municipal de flexibiliza\u00e7\u00e3o das atividades econ\u00f4micas de forma gradativa.P<a class=\"lightbox\" href=\"http:\/\/www.portal40graus.com\/noticias\/cidades\/p2_articleid\/17552\" rel=\"galeria\"><img decoding=\"async\" class=\"multiple-thumb aligncenter\" src=\"http:\/\/www.portal40graus.com\/images\/fotos_p2_news\/5ee7e7bf397db_102802571_1158602701143410_6584517752375800969_o.jpg\" width=\"488\" height=\"488\" \/>Portal 40 Graus<\/a><\/p>\n","protected":false},"excerpt":{"rendered":"<p>A cidade de Matureia, localizada na Regi\u00e3o da Serra do Teixeira, tem doze casos confirmados de coronav\u00edrus. Destes, seis pessoas est\u00e3o curadas, cinco em tratamento domiciliar e uma internada, de acordo com atualiza\u00e7\u00e3o do boletim epidemiol\u00f3gico, desta segunda-feira, 15, divulgado pela Secretaria Municipal de Sa\u00fade. 05 pessoas continuam como suspeitas e n\u00e3o h\u00e1 registro de &#8230; <a title=\"Matureia tem doze casos de Covid-19, seis curados e uma pessoa internada\" class=\"read-more\" href=\"https:\/\/blogdodjacirpereira.com.br\/blog\/index.php\/2020\/06\/15\/matureia-tem-doze-casos-de-covid-19-seis-curados-e-uma-pessoa-internada\/\" aria-label=\"More on Matureia tem doze casos de Covid-19, seis curados e uma pessoa internada\">Leia mais<\/a><\/p>\n","protected":false},"author":2,"featured_media":0,"comment_status":"open","ping_status":"open","sticky":false,"template":"","format":"standard","meta":{"footnotes":""},"categories":[1],"tags":[],"class_list":["post-2072","post","type-post","status-publish","format-standard","hentry","category-sem-categoria"],"yoast_head":"<!-- This site is optimized with the Yoast SEO plugin v26.6 - https:\/\/yoast.com\/wordpress\/plugins\/seo\/ -->\n<title>Matureia tem doze casos de Covid-19, seis curados e uma pessoa internada - Blog do Djacir Pereira<\/title>\n<meta name=\"robots\" content=\"index, follow, max-snippet:-1, max-image-preview:large, max-video-preview:-1\" \/>\n<link rel=\"canonical\" href=\"https:\/\/blogdodjacirpereira.com.br\/blog\/index.php\/2020\/06\/15\/matureia-tem-doze-casos-de-covid-19-seis-curados-e-uma-pessoa-internada\/\" \/>\n<meta property=\"og:locale\" content=\"pt_BR\" \/>\n<meta property=\"og:type\" content=\"article\" \/>\n<meta property=\"og:title\" content=\"Matureia tem doze casos de Covid-19, seis curados e uma pessoa internada - Blog do Djacir Pereira\" \/>\n<meta property=\"og:description\" content=\"A cidade de Matureia, localizada na Regi\u00e3o da Serra do Teixeira, tem doze casos confirmados de coronav\u00edrus. Destes, seis pessoas est\u00e3o curadas, cinco em tratamento domiciliar e uma internada, de acordo com atualiza\u00e7\u00e3o do boletim epidemiol\u00f3gico, desta segunda-feira, 15, divulgado pela Secretaria Municipal de Sa\u00fade. 05 pessoas continuam como suspeitas e n\u00e3o h\u00e1 registro de ... Leia mais\" \/>\n<meta property=\"og:url\" content=\"https:\/\/blogdodjacirpereira.com.br\/blog\/index.php\/2020\/06\/15\/matureia-tem-doze-casos-de-covid-19-seis-curados-e-uma-pessoa-internada\/\" \/>\n<meta property=\"og:site_name\" content=\"Blog do Djacir Pereira\" \/>\n<meta property=\"article:publisher\" content=\"https:\/\/www.facebook.com\/BlogDjacirPereira\" \/>\n<meta property=\"article:author\" content=\"https:\/\/www.facebook.com\/BlogDjacirPereira\" \/>\n<meta property=\"article:published_time\" content=\"2020-06-15T21:40:58+00:00\" \/>\n<meta property=\"article:modified_time\" content=\"2020-06-15T21:46:24+00:00\" \/>\n<meta property=\"og:image\" content=\"http:\/\/www.portal40graus.com\/thumb.php?w=845&amp;h=390&amp;src=http:\/\/www.portal40graus.com\/images\/fotos_p2_news\/5ee7e7bf383c2_MATUREIA-_FOTO_MATHEUS_FERNANDES.jpg\" \/>\n<meta name=\"author\" content=\"Djacir Pereira\" \/>\n<meta name=\"twitter:card\" content=\"summary_large_image\" \/>\n<meta name=\"twitter:label1\" content=\"Escrito por\" \/>\n\t<meta name=\"twitter:data1\" content=\"Djacir Pereira\" \/>\n\t<meta name=\"twitter:label2\" content=\"Est. tempo de leitura\" \/>\n\t<meta name=\"twitter:data2\" content=\"1 minuto\" \/>\n<script type=\"application\/ld+json\" class=\"yoast-schema-graph\">{\"@context\":\"https:\/\/schema.org\",\"@graph\":[{\"@type\":\"Article\",\"@id\":\"https:\/\/blogdodjacirpereira.com.br\/blog\/index.php\/2020\/06\/15\/matureia-tem-doze-casos-de-covid-19-seis-curados-e-uma-pessoa-internada\/#article\",\"isPartOf\":{\"@id\":\"https:\/\/blogdodjacirpereira.com.br\/blog\/index.php\/2020\/06\/15\/matureia-tem-doze-casos-de-covid-19-seis-curados-e-uma-pessoa-internada\/\"},\"author\":{\"name\":\"Djacir Pereira\",\"@id\":\"https:\/\/blogdodjacirpereira.com.br\/blog\/#\/schema\/person\/1b0e6c6e04fed652ddcca99f93ad336f\"},\"headline\":\"Matureia tem doze casos de Covid-19, seis curados e uma pessoa internada\",\"datePublished\":\"2020-06-15T21:40:58+00:00\",\"dateModified\":\"2020-06-15T21:46:24+00:00\",\"mainEntityOfPage\":{\"@id\":\"https:\/\/blogdodjacirpereira.com.br\/blog\/index.php\/2020\/06\/15\/matureia-tem-doze-casos-de-covid-19-seis-curados-e-uma-pessoa-internada\/\"},\"wordCount\":161,\"commentCount\":0,\"publisher\":{\"@id\":\"https:\/\/blogdodjacirpereira.com.br\/blog\/#\/schema\/person\/1b0e6c6e04fed652ddcca99f93ad336f\"},\"image\":{\"@id\":\"https:\/\/blogdodjacirpereira.com.br\/blog\/index.php\/2020\/06\/15\/matureia-tem-doze-casos-de-covid-19-seis-curados-e-uma-pessoa-internada\/#primaryimage\"},\"thumbnailUrl\":\"http:\/\/www.portal40graus.com\/thumb.php?w=845&amp;h=390&amp;src=http:\/\/www.portal40graus.com\/images\/fotos_p2_news\/5ee7e7bf383c2_MATUREIA-_FOTO_MATHEUS_FERNANDES.jpg\",\"inLanguage\":\"pt-BR\",\"potentialAction\":[{\"@type\":\"CommentAction\",\"name\":\"Comment\",\"target\":[\"https:\/\/blogdodjacirpereira.com.br\/blog\/index.php\/2020\/06\/15\/matureia-tem-doze-casos-de-covid-19-seis-curados-e-uma-pessoa-internada\/#respond\"]}]},{\"@type\":\"WebPage\",\"@id\":\"https:\/\/blogdodjacirpereira.com.br\/blog\/index.php\/2020\/06\/15\/matureia-tem-doze-casos-de-covid-19-seis-curados-e-uma-pessoa-internada\/\",\"url\":\"https:\/\/blogdodjacirpereira.com.br\/blog\/index.php\/2020\/06\/15\/matureia-tem-doze-casos-de-covid-19-seis-curados-e-uma-pessoa-internada\/\",\"name\":\"Matureia tem doze casos de Covid-19, seis curados e uma pessoa internada - Blog do Djacir Pereira\",\"isPartOf\":{\"@id\":\"https:\/\/blogdodjacirpereira.com.br\/blog\/#website\"},\"primaryImageOfPage\":{\"@id\":\"https:\/\/blogdodjacirpereira.com.br\/blog\/index.php\/2020\/06\/15\/matureia-tem-doze-casos-de-covid-19-seis-curados-e-uma-pessoa-internada\/#primaryimage\"},\"image\":{\"@id\":\"https:\/\/blogdodjacirpereira.com.br\/blog\/index.php\/2020\/06\/15\/matureia-tem-doze-casos-de-covid-19-seis-curados-e-uma-pessoa-internada\/#primaryimage\"},\"thumbnailUrl\":\"http:\/\/www.portal40graus.com\/thumb.php?w=845&amp;h=390&amp;src=http:\/\/www.portal40graus.com\/images\/fotos_p2_news\/5ee7e7bf383c2_MATUREIA-_FOTO_MATHEUS_FERNANDES.jpg\",\"datePublished\":\"2020-06-15T21:40:58+00:00\",\"dateModified\":\"2020-06-15T21:46:24+00:00\",\"breadcrumb\":{\"@id\":\"https:\/\/blogdodjacirpereira.com.br\/blog\/index.php\/2020\/06\/15\/matureia-tem-doze-casos-de-covid-19-seis-curados-e-uma-pessoa-internada\/#breadcrumb\"},\"inLanguage\":\"pt-BR\",\"potentialAction\":[{\"@type\":\"ReadAction\",\"target\":[\"https:\/\/blogdodjacirpereira.com.br\/blog\/index.php\/2020\/06\/15\/matureia-tem-doze-casos-de-covid-19-seis-curados-e-uma-pessoa-internada\/\"]}]},{\"@type\":\"ImageObject\",\"inLanguage\":\"pt-BR\",\"@id\":\"https:\/\/blogdodjacirpereira.com.br\/blog\/index.php\/2020\/06\/15\/matureia-tem-doze-casos-de-covid-19-seis-curados-e-uma-pessoa-internada\/#primaryimage\",\"url\":\"http:\/\/www.portal40graus.com\/thumb.php?w=845&amp;h=390&amp;src=http:\/\/www.portal40graus.com\/images\/fotos_p2_news\/5ee7e7bf383c2_MATUREIA-_FOTO_MATHEUS_FERNANDES.jpg\",\"contentUrl\":\"http:\/\/www.portal40graus.com\/thumb.php?w=845&amp;h=390&amp;src=http:\/\/www.portal40graus.com\/images\/fotos_p2_news\/5ee7e7bf383c2_MATUREIA-_FOTO_MATHEUS_FERNANDES.jpg\"},{\"@type\":\"BreadcrumbList\",\"@id\":\"https:\/\/blogdodjacirpereira.com.br\/blog\/index.php\/2020\/06\/15\/matureia-tem-doze-casos-de-covid-19-seis-curados-e-uma-pessoa-internada\/#breadcrumb\",\"itemListElement\":[{\"@type\":\"ListItem\",\"position\":1,\"name\":\"In\u00edcio\",\"item\":\"https:\/\/blogdodjacirpereira.com.br\/blog\/\"},{\"@type\":\"ListItem\",\"position\":2,\"name\":\"Matureia tem doze casos de Covid-19, seis curados e uma pessoa internada\"}]},{\"@type\":\"WebSite\",\"@id\":\"https:\/\/blogdodjacirpereira.com.br\/blog\/#website\",\"url\":\"https:\/\/blogdodjacirpereira.com.br\/blog\/\",\"name\":\"blog do Djacir Pereira\",\"description\":\"\",\"publisher\":{\"@id\":\"https:\/\/blogdodjacirpereira.com.br\/blog\/#\/schema\/person\/1b0e6c6e04fed652ddcca99f93ad336f\"},\"alternateName\":\"blog do Djacir Pereira\",\"potentialAction\":[{\"@type\":\"SearchAction\",\"target\":{\"@type\":\"EntryPoint\",\"urlTemplate\":\"https:\/\/blogdodjacirpereira.com.br\/blog\/?s={search_term_string}\"},\"query-input\":{\"@type\":\"PropertyValueSpecification\",\"valueRequired\":true,\"valueName\":\"search_term_string\"}}],\"inLanguage\":\"pt-BR\"},{\"@type\":[\"Person\",\"Organization\"],\"@id\":\"https:\/\/blogdodjacirpereira.com.br\/blog\/#\/schema\/person\/1b0e6c6e04fed652ddcca99f93ad336f\",\"name\":\"Djacir Pereira\",\"image\":{\"@type\":\"ImageObject\",\"inLanguage\":\"pt-BR\",\"@id\":\"https:\/\/blogdodjacirpereira.com.br\/blog\/#\/schema\/person\/image\/\",\"url\":\"https:\/\/blogdodjacirpereira.com.br\/blog\/wp-content\/uploads\/2022\/05\/LOGOMARCA5.jpg\",\"contentUrl\":\"https:\/\/blogdodjacirpereira.com.br\/blog\/wp-content\/uploads\/2022\/05\/LOGOMARCA5.jpg\",\"width\":945,\"height\":945,\"caption\":\"Djacir Pereira\"},\"logo\":{\"@id\":\"https:\/\/blogdodjacirpereira.com.br\/blog\/#\/schema\/person\/image\/\"},\"sameAs\":[\"https:\/\/blogdodjacirpereira.com.br\/blog\/\",\"https:\/\/www.facebook.com\/BlogDjacirPereira\",\"https:\/\/www.instagram.com\/djacirpereira\/\",\"https:\/\/www.youtube.com\/c\/blogdodjacirpereira\/videos\"],\"url\":\"https:\/\/blogdodjacirpereira.com.br\/blog\/index.php\/author\/djacyr\/\"}]}<\/script>\n<!-- \/ Yoast SEO plugin. -->","yoast_head_json":{"title":"Matureia tem doze casos de Covid-19, seis curados e uma pessoa internada - Blog do Djacir Pereira","robots":{"index":"index","follow":"follow","max-snippet":"max-snippet:-1","max-image-preview":"max-image-preview:large","max-video-preview":"max-video-preview:-1"},"canonical":"https:\/\/blogdodjacirpereira.com.br\/blog\/index.php\/2020\/06\/15\/matureia-tem-doze-casos-de-covid-19-seis-curados-e-uma-pessoa-internada\/","og_locale":"pt_BR","og_type":"article","og_title":"Matureia tem doze casos de Covid-19, seis curados e uma pessoa internada - Blog do Djacir Pereira","og_description":"A cidade de Matureia, localizada na Regi\u00e3o da Serra do Teixeira, tem doze casos confirmados de coronav\u00edrus. Destes, seis pessoas est\u00e3o curadas, cinco em tratamento domiciliar e uma internada, de acordo com atualiza\u00e7\u00e3o do boletim epidemiol\u00f3gico, desta segunda-feira, 15, divulgado pela Secretaria Municipal de Sa\u00fade. 05 pessoas continuam como suspeitas e n\u00e3o h\u00e1 registro de ... Leia mais","og_url":"https:\/\/blogdodjacirpereira.com.br\/blog\/index.php\/2020\/06\/15\/matureia-tem-doze-casos-de-covid-19-seis-curados-e-uma-pessoa-internada\/","og_site_name":"Blog do Djacir Pereira","article_publisher":"https:\/\/www.facebook.com\/BlogDjacirPereira","article_author":"https:\/\/www.facebook.com\/BlogDjacirPereira","article_published_time":"2020-06-15T21:40:58+00:00","article_modified_time":"2020-06-15T21:46:24+00:00","og_image":[{"url":"http:\/\/www.portal40graus.com\/thumb.php?w=845&amp;h=390&amp;src=http:\/\/www.portal40graus.com\/images\/fotos_p2_news\/5ee7e7bf383c2_MATUREIA-_FOTO_MATHEUS_FERNANDES.jpg","type":"","width":"","height":""}],"author":"Djacir Pereira","twitter_card":"summary_large_image","twitter_misc":{"Escrito por":"Djacir Pereira","Est. tempo de leitura":"1 minuto"},"schema":{"@context":"https:\/\/schema.org","@graph":[{"@type":"Article","@id":"https:\/\/blogdodjacirpereira.com.br\/blog\/index.php\/2020\/06\/15\/matureia-tem-doze-casos-de-covid-19-seis-curados-e-uma-pessoa-internada\/#article","isPartOf":{"@id":"https:\/\/blogdodjacirpereira.com.br\/blog\/index.php\/2020\/06\/15\/matureia-tem-doze-casos-de-covid-19-seis-curados-e-uma-pessoa-internada\/"},"author":{"name":"Djacir Pereira","@id":"https:\/\/blogdodjacirpereira.com.br\/blog\/#\/schema\/person\/1b0e6c6e04fed652ddcca99f93ad336f"},"headline":"Matureia tem doze casos de Covid-19, seis curados e uma pessoa internada","datePublished":"2020-06-15T21:40:58+00:00","dateModified":"2020-06-15T21:46:24+00:00","mainEntityOfPage":{"@id":"https:\/\/blogdodjacirpereira.com.br\/blog\/index.php\/2020\/06\/15\/matureia-tem-doze-casos-de-covid-19-seis-curados-e-uma-pessoa-internada\/"},"wordCount":161,"commentCount":0,"publisher":{"@id":"https:\/\/blogdodjacirpereira.com.br\/blog\/#\/schema\/person\/1b0e6c6e04fed652ddcca99f93ad336f"},"image":{"@id":"https:\/\/blogdodjacirpereira.com.br\/blog\/index.php\/2020\/06\/15\/matureia-tem-doze-casos-de-covid-19-seis-curados-e-uma-pessoa-internada\/#primaryimage"},"thumbnailUrl":"http:\/\/www.portal40graus.com\/thumb.php?w=845&amp;h=390&amp;src=http:\/\/www.portal40graus.com\/images\/fotos_p2_news\/5ee7e7bf383c2_MATUREIA-_FOTO_MATHEUS_FERNANDES.jpg","inLanguage":"pt-BR","potentialAction":[{"@type":"CommentAction","name":"Comment","target":["https:\/\/blogdodjacirpereira.com.br\/blog\/index.php\/2020\/06\/15\/matureia-tem-doze-casos-de-covid-19-seis-curados-e-uma-pessoa-internada\/#respond"]}]},{"@type":"WebPage","@id":"https:\/\/blogdodjacirpereira.com.br\/blog\/index.php\/2020\/06\/15\/matureia-tem-doze-casos-de-covid-19-seis-curados-e-uma-pessoa-internada\/","url":"https:\/\/blogdodjacirpereira.com.br\/blog\/index.php\/2020\/06\/15\/matureia-tem-doze-casos-de-covid-19-seis-curados-e-uma-pessoa-internada\/","name":"Matureia tem doze casos de Covid-19, seis curados e uma pessoa internada - Blog do Djacir Pereira","isPartOf":{"@id":"https:\/\/blogdodjacirpereira.com.br\/blog\/#website"},"primaryImageOfPage":{"@id":"https:\/\/blogdodjacirpereira.com.br\/blog\/index.php\/2020\/06\/15\/matureia-tem-doze-casos-de-covid-19-seis-curados-e-uma-pessoa-internada\/#primaryimage"},"image":{"@id":"https:\/\/blogdodjacirpereira.com.br\/blog\/index.php\/2020\/06\/15\/matureia-tem-doze-casos-de-covid-19-seis-curados-e-uma-pessoa-internada\/#primaryimage"},"thumbnailUrl":"http:\/\/www.portal40graus.com\/thumb.php?w=845&amp;h=390&amp;src=http:\/\/www.portal40graus.com\/images\/fotos_p2_news\/5ee7e7bf383c2_MATUREIA-_FOTO_MATHEUS_FERNANDES.jpg","datePublished":"2020-06-15T21:40:58+00:00","dateModified":"2020-06-15T21:46:24+00:00","breadcrumb":{"@id":"https:\/\/blogdodjacirpereira.com.br\/blog\/index.php\/2020\/06\/15\/matureia-tem-doze-casos-de-covid-19-seis-curados-e-uma-pessoa-internada\/#breadcrumb"},"inLanguage":"pt-BR","potentialAction":[{"@type":"ReadAction","target":["https:\/\/blogdodjacirpereira.com.br\/blog\/index.php\/2020\/06\/15\/matureia-tem-doze-casos-de-covid-19-seis-curados-e-uma-pessoa-internada\/"]}]},{"@type":"ImageObject","inLanguage":"pt-BR","@id":"https:\/\/blogdodjacirpereira.com.br\/blog\/index.php\/2020\/06\/15\/matureia-tem-doze-casos-de-covid-19-seis-curados-e-uma-pessoa-internada\/#primaryimage","url":"http:\/\/www.portal40graus.com\/thumb.php?w=845&amp;h=390&amp;src=http:\/\/www.portal40graus.com\/images\/fotos_p2_news\/5ee7e7bf383c2_MATUREIA-_FOTO_MATHEUS_FERNANDES.jpg","contentUrl":"http:\/\/www.portal40graus.com\/thumb.php?w=845&amp;h=390&amp;src=http:\/\/www.portal40graus.com\/images\/fotos_p2_news\/5ee7e7bf383c2_MATUREIA-_FOTO_MATHEUS_FERNANDES.jpg"},{"@type":"BreadcrumbList","@id":"https:\/\/blogdodjacirpereira.com.br\/blog\/index.php\/2020\/06\/15\/matureia-tem-doze-casos-de-covid-19-seis-curados-e-uma-pessoa-internada\/#breadcrumb","itemListElement":[{"@type":"ListItem","position":1,"name":"In\u00edcio","item":"https:\/\/blogdodjacirpereira.com.br\/blog\/"},{"@type":"ListItem","position":2,"name":"Matureia tem doze casos de Covid-19, seis curados e uma pessoa internada"}]},{"@type":"WebSite","@id":"https:\/\/blogdodjacirpereira.com.br\/blog\/#website","url":"https:\/\/blogdodjacirpereira.com.br\/blog\/","name":"blog do Djacir Pereira","description":"","publisher":{"@id":"https:\/\/blogdodjacirpereira.com.br\/blog\/#\/schema\/person\/1b0e6c6e04fed652ddcca99f93ad336f"},"alternateName":"blog do Djacir Pereira","potentialAction":[{"@type":"SearchAction","target":{"@type":"EntryPoint","urlTemplate":"https:\/\/blogdodjacirpereira.com.br\/blog\/?s={search_term_string}"},"query-input":{"@type":"PropertyValueSpecification","valueRequired":true,"valueName":"search_term_string"}}],"inLanguage":"pt-BR"},{"@type":["Person","Organization"],"@id":"https:\/\/blogdodjacirpereira.com.br\/blog\/#\/schema\/person\/1b0e6c6e04fed652ddcca99f93ad336f","name":"Djacir Pereira","image":{"@type":"ImageObject","inLanguage":"pt-BR","@id":"https:\/\/blogdodjacirpereira.com.br\/blog\/#\/schema\/person\/image\/","url":"https:\/\/blogdodjacirpereira.com.br\/blog\/wp-content\/uploads\/2022\/05\/LOGOMARCA5.jpg","contentUrl":"https:\/\/blogdodjacirpereira.com.br\/blog\/wp-content\/uploads\/2022\/05\/LOGOMARCA5.jpg","width":945,"height":945,"caption":"Djacir Pereira"},"logo":{"@id":"https:\/\/blogdodjacirpereira.com.br\/blog\/#\/schema\/person\/image\/"},"sameAs":["https:\/\/blogdodjacirpereira.com.br\/blog\/","https:\/\/www.facebook.com\/BlogDjacirPereira","https:\/\/www.instagram.com\/djacirpereira\/","https:\/\/www.youtube.com\/c\/blogdodjacirpereira\/videos"],"url":"https:\/\/blogdodjacirpereira.com.br\/blog\/index.php\/author\/djacyr\/"}]}},"_links":{"self":[{"href":"https:\/\/blogdodjacirpereira.com.br\/blog\/index.php\/wp-json\/wp\/v2\/posts\/2072","targetHints":{"allow":["GET"]}}],"collection":[{"href":"https:\/\/blogdodjacirpereira.com.br\/blog\/index.php\/wp-json\/wp\/v2\/posts"}],"about":[{"href":"https:\/\/blogdodjacirpereira.com.br\/blog\/index.php\/wp-json\/wp\/v2\/types\/post"}],"author":[{"embeddable":true,"href":"https:\/\/blogdodjacirpereira.com.br\/blog\/index.php\/wp-json\/wp\/v2\/users\/2"}],"replies":[{"embeddable":true,"href":"https:\/\/blogdodjacirpereira.com.br\/blog\/index.php\/wp-json\/wp\/v2\/comments?post=2072"}],"version-history":[{"count":0,"href":"https:\/\/blogdodjacirpereira.com.br\/blog\/index.php\/wp-json\/wp\/v2\/posts\/2072\/revisions"}],"wp:attachment":[{"href":"https:\/\/blogdodjacirpereira.com.br\/blog\/index.php\/wp-json\/wp\/v2\/media?parent=2072"}],"wp:term":[{"taxonomy":"category","embeddable":true,"href":"https:\/\/blogdodjacirpereira.com.br\/blog\/index.php\/wp-json\/wp\/v2\/categories?post=2072"},{"taxonomy":"post_tag","embeddable":true,"href":"https:\/\/blogdodjacirpereira.com.br\/blog\/index.php\/wp-json\/wp\/v2\/tags?post=2072"}],"curies":[{"name":"wp","href":"https:\/\/api.w.org\/{rel}","templated":true}]}}