{"id":40221,"date":"2020-06-06T11:50:30","date_gmt":"2020-06-06T14:50:30","guid":{"rendered":"https:\/\/blogdodjacirpereira.com.br\/blog\/?p=40221"},"modified":"2024-11-30T11:35:25","modified_gmt":"2024-11-30T14:35:25","slug":"revolta-de-princesa","status":"publish","type":"post","link":"https:\/\/blogdodjacirpereira.com.br\/blog\/index.php\/2020\/06\/06\/revolta-de-princesa\/","title":{"rendered":"Escaramu\u00e7as pol\u00edticas e econ\u00f4micas culminaram com a Revolta de Princesa"},"content":{"rendered":"<div id=\"barra-identidade paraiba\">\n<div id=\"barra-brasil\">\n<div class=\"conteudo-escondido\"><em><strong><span style=\"font-size: 18pt\">Por: Rammom Monte<\/span><\/strong><\/em><\/div>\n<div><\/div>\n<\/div>\n<\/div>\n<div id=\"wrapper\">\n<div id=\"main\">\n<div>\n<div id=\"content\">\n<article>\n<div id=\"content-core\">\n<div id=\"parent-fieldname-text\">\n<div>\n<p><span style=\"font-size: 18pt\">H\u00e1 90 anos, a Para\u00edba presenciava uma luta que entraria para a hist\u00f3ria. No dia 28 de fevereiro de 1930, uma cidade paraibana declarava independ\u00eancia provis\u00f3ria e passaria a ter hino, bandeira e leis pr\u00f3prias. O munic\u00edpio era Princesa Isabel e embate ficou conhecido como a Revolta de Princesa.<\/span><\/p>\n<p><span style=\"font-size: 18pt\">Al\u00e9m de marcar a ruptura de Princesa (que \u00e0 \u00e9poca tinha este nome) com o Estado da Para\u00edba, o dia tamb\u00e9m foi a v\u00e9spera da elei\u00e7\u00e3o presidencial de 1930, que confrontava Get\u00falio Vargas e Jo\u00e3o Pessoa de um lado e J\u00falio Prestes e Vital Soares do outro. Esta segunda chapa \u00e9 que sairia vencedora (mais isto \u00e9 um cap\u00edtulo para outra hist\u00f3ria).<\/span><\/p>\n<p><span style=\"font-size: 18pt\">Por\u00e9m, apesar da batalha come\u00e7ar oficialmente em 1930, \u00e9 necess\u00e1rio voltar um pouco no tempo para entender o que culminou na Revolta. Tudo come\u00e7ou com a elei\u00e7\u00e3o de Jo\u00e3o Pessoa para Presidente da Para\u00edba (cargo hoje equivalente ao de governador), em 1928.<\/span><\/p>\n<p><span style=\"font-size: 18pt\">Al\u00e9m do sobrinho de Epit\u00e1cio Pessoa (e que hoje d\u00e1 nome \u00e0 capital paraibana), a Revolta tem outras figuras important\u00edssimas, entre eles Jo\u00e3o Dantas, Jo\u00e3o Suassuna, Carlos Pessoa, e o principal deles, o coronel Jos\u00e9 Pereira Lima, mais conhecido como Coronel Z\u00e9 Pereira.<\/span><\/p>\n<dl>\n<dt><span style=\"font-size: 18pt\"><a href=\"https:\/\/auniao.pb.gov.br\/noticias\/caderno_paraiba\/escaramucas-politicas-e-economicas-culminaram-com-a-revolta-de-princesa\/zpereira.png\" rel=\"lightbox\"><img decoding=\"async\" title=\"\" src=\"https:\/\/auniao.pb.gov.br\/noticias\/caderno_paraiba\/escaramucas-politicas-e-economicas-culminaram-com-a-revolta-de-princesa\/zpereira.png\/@@images\/363ac0fb-7d85-4a81-ad64-505c5413854f.png\" alt=\"\" width=\"164\" height=\"230\" \/><\/a><\/span><\/dt>\n<dd><span style=\"font-size: 18pt\">Z\u00e9 Pereira<\/span><\/dd>\n<\/dl>\n<p><span style=\"font-size: 18pt\">Z\u00e9 Pereira era um grande comerciante de algod\u00e3o. Al\u00e9m do seu poderio financeiro, ele era uma esp\u00e9cie de primeiro-ministro do Sert\u00e3o, como bem disse o historiador e escritor Jos\u00e9 Oct\u00e1vio de Arruda Mello. E como um bom coronel, ele mandava e desmandava pelas bandas da Serra do Teixeira. Contrari\u00e1-lo n\u00e3o era algo que os governantes estavam acostumados a fazer. Mas o que parece \u00e9 que Jo\u00e3o Pessoa n\u00e3o estava muito preocupado com isso. Em 22 de outubro de 1928 ele assumia o cargo. E o que j\u00e1 se falava na \u00e9poca era que ele veio com a inten\u00e7\u00e3o de perseguir o coronelismo, que imperava naquele momento.<\/span><\/p>\n<p><span style=\"font-size: 18pt\">No document\u00e1rio \u2018A Princesa do Sert\u00e3o\u2019, de 2010 e dire\u00e7\u00e3o de Deraldo Goulart, o filho de Z\u00e9 Pereira, Alo\u00edsio Pereira, j\u00e1 afirmara que Jo\u00e3o Pessoa veio ao poder com a finalidade de eliminar tr\u00eas coron\u00e9is: os Santa Cruz, de Monteiro, os Dantas, de Teixeira, e Jos\u00e9 Pereira, de Princesa. \u201cJo\u00e3o Pessoa j\u00e1 chegou com este intuito\u201d, diz o professor Jos\u00e9 Oct\u00e1vio.<\/span><\/p>\n<p><span style=\"font-size: 18pt\">E n\u00e3o tardou para Jo\u00e3o Pessoa de fato mostrar o que pretendia. \u00c0 \u00e9poca, grande parte da produ\u00e7\u00e3o da Para\u00edba, principalmente de algod\u00e3o, era despachada para Recife, Natal e Fortaleza, o que fazia com que o Estado paraibano n\u00e3o arrecadasse com os impostos. Devido a isso, o governador (que na verdade era presidente, mas chamemos assim para facilitar o entendimento), emitiu, em 17 de novembro de 1928, a Lei 673, que implantava um rigoroso sistema de arrecada\u00e7\u00e3o tribut\u00e1ria que distinguia entre as mercadorias importadas pelo Litoral, atrav\u00e9s do Porto de Cabedelo, e aquelas que entravam na Para\u00edba pelas fronteiras terrestres. Essa medida praticamente tornou imposs\u00edvel o com\u00e9rcio do Sert\u00e3o com os estados vizinhos. Com a decis\u00e3o, Jo\u00e3o Pessoa passaria a ser chamado pejorativamente de Jo\u00e3o Porteira.<\/span><\/p>\n<p><span style=\"font-size: 18pt\">Com isso, o clima que j\u00e1 n\u00e3o era dos melhores ia ficando cada vez mais tenso. As medidas deram origem \u00e0 chamada Guerra Tribut\u00e1ria. No meio do entrevero estavam os irm\u00e3os Pessoa de Queir\u00f3s, primos de Jo\u00e3o Pessoa e figuras importantes em Pernambuco, no tocante ao com\u00e9rcio e \u00e0 imprensa, atrav\u00e9s do tradicional Jornal do Commercio, de Recife. E foi se utilizando da for\u00e7a midi\u00e1tica que os Pessoa de Queir\u00f3s travaram uma batalha p\u00fablica com o primo governador da Para\u00edba (mais \u00e0 frente falaremos do papel da imprensa em todo epis\u00f3dio).<\/span><\/p>\n<dl>\n<dt><span style=\"font-size: 18pt\"><img decoding=\"async\" title=\"jo\u00e3o-pessoa.jpg\" src=\"https:\/\/auniao.pb.gov.br\/noticias\/caderno_paraiba\/escaramucas-politicas-e-economicas-culminaram-com-a-revolta-de-princesa\/joao-pessoa.jpg\/@@images\/90210fc1-1322-4ec6-b9ca-0663c1a3b8a4.jpeg\" alt=\"jo\u00e3o-pessoa.jpg\" width=\"175\" height=\"225\" \/><\/span><\/dt>\n<dd><span style=\"font-size: 18pt\">Jo\u00e3o Pessoa<\/span><\/dd>\n<\/dl>\n<p><span style=\"font-size: 18pt\">O que antes era s\u00f3 troca de farpas e amenidades teve seu estopim na corrida eleitoral de 1930, como conta Jos\u00e9 Oct\u00e1vio em seu livro \u2018Nova Hist\u00f3ria da Para\u00edba \u2013 Das origens aos tempos atuais\u2019.<\/span><\/p>\n<p><span style=\"font-size: 18pt\">\u201cEm fevereiro, Jo\u00e3o Pessoa alterara a chapa de deputados federais do Partido Republicano, dela excluindo potentados rurais como Jo\u00e3o Suassuna e Fl\u00e1vio Ribeiro, aproveitados como candidatos pela Coliga\u00e7\u00e3o Republicana da Para\u00edba, mas conservando o primo Carlos Pessoa\u201d, escreveu.<\/span><\/p>\n<p><span style=\"font-size: 18pt\">Se faltava uma fagulha para o inc\u00eandio come\u00e7ar, j\u00e1 n\u00e3o faltara mais. No dia 19 de fevereiro de 1930, Jo\u00e3o Pessoa, na tentativa de contornar a crise pol\u00edtica, viajou a Princesa. Da\u00ed surge muitas vers\u00f5es sobre o que teria acontecido na cidade, mas o que se diz \u00e9 que os dois estavam prontos para a luta, mas estavam disfar\u00e7ando. Jos\u00e9 Am\u00e9rico de Almeida, em seu livro \u2018O ano do Nego\u2019, conta que, apesar de festas, ele percebeu que aquilo era simulado, e que havia alguma coisa por tr\u00e1s. Jo\u00e3o Pessoa deixou para dar a informa\u00e7\u00e3o da decis\u00e3o de \u00faltima hora, na hora da sa\u00edda.<\/span><\/p>\n<p><span style=\"font-size: 18pt\">Em 22 de fevereiro de 1930, o \u201ccoronel\u201d Jos\u00e9 Pereira rompe oficialmente com o Governo do Estado, atrav\u00e9s do telegrama 52.<\/span><\/p>\n<p><span style=\"font-size: 18pt\">\u201cDr. Jo\u00e3o Pessoa \u2013 Acabo de reunir amigos e correligion\u00e1rios aos quais informei do lan\u00e7amento da chapa federal. Todos acordaram mesmo que V. Excia., escolhendo candidatos \u00e0 revelia Comiss\u00e3o Executiva, caracteriza palp\u00e1vel desrespeito aos respectivos membros. A indisciplina partid\u00e1ria que ressumbra do ato de V. Excia, inspirador de desconfian\u00e7as no seio do epitacismo, amea\u00e7a de esquecimento os mais relevantes servi\u00e7os dos devotados \u00e0 causa do partido. Semelhante conduta aberra dos princ\u00edpios do partido, cuja orienta\u00e7\u00e3o muito diferia da atual, adotada singularmente por V. Excia. Esse div\u00f3rcio afasta os compromissos velhos baluartes da vit\u00f3ria de 1915 para com os princ\u00edpios deste partido que V. Excia. Acaba de falsear. Por isso tudo delibero adotar a chapa nacional, concedendo liberdade a meus amigos para usarem direito voto consoante lhes ditar opini\u00e3o, comprometendo-me ainda defend\u00ea-los se qualquer ato de viol\u00eancia do governo atentar contra direito assegurado Constitui\u00e7\u00e3o. Sauda\u00e7\u00f5es (a) Jos\u00e9 Pereira\u201d, escreveu.<\/span><\/p>\n<p><span style=\"font-size: 18pt\">Outros citam a movimenta\u00e7\u00e3o b\u00e9lica com vistas a garantir o pleito do dia 1\u00ba de mar\u00e7o. Na v\u00e9spera, os homens de Z\u00e9 Pereira e a pol\u00edcia do Estado, sob o comando de Jos\u00e9 de Am\u00e9rico de Almeida, marcharam em dire\u00e7\u00e3o a Teixeira, onde aconteceria o primeiro dos embates. Sobre o dia, h\u00e1 vers\u00f5es divergentes. Afinal de contas, houve ou n\u00e3o embate neste dia? Teve derramamento de sangue ou tudo n\u00e3o passou de uma mera encena\u00e7\u00e3o? Vejamos a seguir o que dizem os envolvidos.Jo\u00e3o Pessoa ao receber o telegrama, respondeu-o em um mesmo tom. Depois disso, era quest\u00e3o de tempo que as guerras nas palavras desbancassem para a luta armada. E assim o foi nos dias que cercavam a elei\u00e7\u00e3o presidencial de 1\u00ba de mar\u00e7o. H\u00e1 registros que citam que, como dito acima, em 28 de fevereiro o Decreto 01 foi aclamado pela popula\u00e7\u00e3o, que declarou oficialmente a independ\u00eancia da cidade (Rep\u00fablica de Princesa).<\/span><\/p>\n<h3><span style=\"font-size: 18pt\">Batalha de Teixeira: o que realmente houve na regi\u00e3o?<\/span><\/h3>\n<p><span style=\"font-size: 18pt\">H\u00e1 uma controv\u00e9rsia: um lado defende que ocorreram trucul\u00eancia e confronto; o outro aponta apenas encena\u00e7\u00e3o<\/span><\/p>\n<dl>\n<dt><span style=\"font-size: 18pt\"><a href=\"https:\/\/auniao.pb.gov.br\/noticias\/caderno_paraiba\/escaramucas-politicas-e-economicas-culminaram-com-a-revolta-de-princesa\/img_0771.jpg\" rel=\"lightbox\"><img fetchpriority=\"high\" decoding=\"async\" title=\"IMG_0771.JPG\" src=\"https:\/\/auniao.pb.gov.br\/noticias\/caderno_paraiba\/escaramucas-politicas-e-economicas-culminaram-com-a-revolta-de-princesa\/img_0771.jpg\/@@images\/7d86754b-7a1a-4986-ac69-07dd3aa906b5.jpeg\" alt=\"IMG_0771.JPG\" width=\"400\" height=\"266\" \/><\/a><\/span><\/dt>\n<dd><span style=\"font-size: 18pt\">O historiador Jos\u00e9 Oct\u00e1vio de Arruda Mello destaca que o coronel Z\u00e9 Pimenta era uma esp\u00e9cie de primeiro-ministro do Sert\u00e3o Paraibano<\/span><\/dd>\n<\/dl>\n<p><span style=\"font-size: 18pt\">O dia era 1\u00ba de mar\u00e7o de 1930. O palco era a cidade de Teixeira. O que aconteceu? A\u00ed \u00e9 uma controv\u00e9rsia. Um lado defende que o que se viu foi trucul\u00eancia e confronto. O outro diz que n\u00e3o teve nada disso. Quem estava falando a verdade? At\u00e9 hoje n\u00e3o ficou claro. Ent\u00e3o vamos \u00e0s vers\u00f5es e o leitor decide qual lhe parece mais veross\u00edmil. Quem narrou as vers\u00f5es foi o professor Jos\u00e9 Oct\u00e1vio.<\/span><\/p>\n<p><span style=\"font-size: 18pt\">\u201cA pol\u00edcia invade Teixeira. A\u00ed vem uma diverg\u00eancia muito grande, no dia da elei\u00e7\u00e3o, os dois lados pretextando garantir a elei\u00e7\u00e3o. Z\u00e9 Pereira veio de l\u00e1 com o seu pessoal e a pol\u00edcia pelo lado de c\u00e1 invadiu para dominar a cidade, que era um foco dominado pelos Dantas. A\u00ed h\u00e1 duas vers\u00f5es. A de Ariano Suassuna ressalta uma vers\u00e3o um tanto rom\u00e2ntica. Ele fala da Tia Cota, que Ascendino Feitosa (chefe da pol\u00edcia) teria a prendido. Ele conta que esta tia dele foi amea\u00e7ada por Ascendino, que teria dito que iria beber o sangue dela. E ela teria dito: \u201cPois ent\u00e3o pela primeira vez vai correr sangue bom nestas tuas veias sujas\u201d. Esta \u00e9 a vers\u00e3o de Ariano\u201d, disse.<\/span><\/p>\n<p><span style=\"font-size: 18pt\">E completou: \u201cA vers\u00e3o de Osvaldo Trigueiro \u00e9 que n\u00e3o aconteceu nada disso, que \u00e9 uma coisa inteiramente simulada. Esses conflitos da \u00e9poca tinham muito de simula\u00e7\u00e3o, encena\u00e7\u00e3o. Ele diz que essa briga n\u00e3o existiu, que n\u00e3o houve tiroteio nenhum l\u00e1, nada. O que se diz \u00e9 isso, que a guerra come\u00e7ou em Teixeira, o que \u00e9 compreens\u00edvel porque Teixeira fica no meio do mapa. Disse que a pol\u00edcia chegou l\u00e1 e, nem uma coisa que era muito comum na \u00e9poca, que era tiro para cima, houve. Essa \u00e9 a vers\u00e3o de Osvaldo Trigueiro\u201d, conta.<\/span><\/p>\n<p><span style=\"font-size: 18pt\">O que se sabe \u00e9 que houve esse epis\u00f3dio que abriria oficialmente as outras batalhas que ali viriam. Os homens de Z\u00e9 Pereira eram em um n\u00famero muito maior do que a pol\u00edcia, dois mil contra 850. E eles se utilizaram de armas fornecidas pelo pr\u00f3prio Estado anos antes, na tentativa de conter a passagem da Coluna Prestes pela Para\u00edba. E foi essa vantagem num\u00e9rica que deixava os homens de Z\u00e9 Pereira sempre \u00e0 frente na corrida, como no epis\u00f3dio de Tavares.<\/span><\/p>\n<p><span style=\"font-size: 18pt\">\u201cO ponto m\u00e1ximo de penetra\u00e7\u00e3o da pol\u00edcia foi o distrito de Tavares, onde coluna comandada pelo capit\u00e3o Jo\u00e3o Costa passou de sitiante a sitiada. Tavares \u00e9 o munic\u00edpio vizinho a Princesa, a pol\u00edcia que estava invadindo ficou aquartelada e Jo\u00e3o Costa resistindo. Em mat\u00e9ria de organiza\u00e7\u00e3o, os Pereiristas sacavam vantagem\u201d, declarou Jos\u00e9 Oct\u00e1vio.<\/span><\/p>\n<p><span style=\"font-size: 18pt\">Apesar do rompimento ter acontecido em fevereiro, apenas em junho, na primeira e \u00fanica edi\u00e7\u00e3o do \u2018Jornal de Princeza\u2019, em 21 de junho de 1930, era publicado o decreto, datado de 9 de junho, que proclamava a independ\u00eancia de Princesa.<\/span><\/p>\n<p><span style=\"font-size: 18pt\">\u201cDecreta e proclama provisoriamente a independ\u00eancia do munic\u00edpio de Princesa, separada do Estado da Para\u00edba, e estabelece a forma pela qual deve ele se reger. A administra\u00e7\u00e3o provis\u00f3ria do Territ\u00f3rio de Princesa, institu\u00edda por aclama\u00e7\u00e3o popular, decreta e proclama a Resolu\u00e7\u00e3o seguinte:<\/span><\/p>\n<p><span style=\"font-size: 18pt\">ART. I &#8211; Fica decretada e proclamada provisoriamente a independ\u00eancia do munic\u00edpio de Princesa, deixando o mesmo de fazer parte do Estado da Para\u00edba, do qual est\u00e1 separado desde 28 de fevereiro do corrente ano.<\/span><\/p>\n<p><span style=\"font-size: 18pt\">ART. II &#8211; Passa o munic\u00edpio de Princesa, constituir com seus limites atuais, um territ\u00f3rio livre que ter\u00e1 a denomina\u00e7\u00e3o de Territ\u00f3rio de Princesa.<\/span><\/p>\n<p><span style=\"font-size: 18pt\">ART. III &#8211; O Territ\u00f3rio de Princesa assim constitu\u00eddo permanece subordinado politicamente ao poder p\u00fablico federal, conforme se acha estabelecido na Constitui\u00e7\u00e3o da Rep\u00fablica dos Estados Unidos do Brasil.<\/span><\/p>\n<p><span style=\"font-size: 18pt\">ART. IV &#8211; Enquanto pelos meios populares n\u00e3o se fizer a sua organiza\u00e7\u00e3o legal, ser\u00e1 o Territ\u00f3rio regido pela administra\u00e7\u00e3o provis\u00f3ria do mesmo territ\u00f3rio. Cidade de Princesa, em 09 de junho de 1930.\u201d<\/span><\/p>\n<p><span style=\"font-size: 18pt\">O impasse duraria at\u00e9 ap\u00f3s a morte de Jo\u00e3o Pessoa, no dia 26 de julho, em Recife, (mas isso \u00e9 epis\u00f3dio para outra mat\u00e9ria que publicaremos mais \u00e0 frente). O presidente da Rep\u00fablica, Washington Luiz, decidiu terminar com a Revolta de Princesa e o coronel Jos\u00e9 Pereira n\u00e3o ofereceu resist\u00eancia, conforme acordo pr\u00e9vio, quando seiscentos soldados comandados pelo capit\u00e3o Jo\u00e3o Fac\u00f3 ocuparam a cidade em 11 de agosto de 1930. Jos\u00e9 Pereira deixou a cidade no dia 5 de outubro de 1930. Depois de anistiado, em 1934, foi residir na Fazenda Ab\u00f3boras, em Serra Talhada (PE).<\/span><\/p>\n<h3><span style=\"font-size: 18pt\">O papel da imprensa na Revolta<\/span><\/h3>\n<p><span style=\"font-size: 18pt\">Al\u00e9m das figuras j\u00e1 citadas, dois ve\u00edculos tiveram bastante protagonismo nessa batalha: o jornal A Uni\u00e3o e o Jornal do Commercio. Por tr\u00e1s de um estava o governador da Para\u00edba Jo\u00e3o Pessoa e do outro os Pessoa de Queir\u00f3s, mais precisamente na figura de Francisco.<\/span><\/p>\n<p><span style=\"font-size: 18pt\">Ainda em 1929, Jo\u00e3o Pessoa j\u00e1 atacava os coron\u00e9is, na edi\u00e7\u00e3o do dia 11 de outubro do Jornal A Uni\u00e3o. \u201cLogo que assumi o governo, verifiquei que tudo estava enfeudado \u00e0s chefias pol\u00edticas. O chefe pol\u00edtico arrecadava e dispunha, como bem entendia, das receitas p\u00fablicas. Tributava e n\u00e3o era tributado. Fazia justi\u00e7a, mas n\u00e3o se deixava justi\u00e7ar. Tornava-se, como se v\u00ea, um elemento pernicioso\u201d, declarou.<\/span><\/p>\n<p><span style=\"font-size: 18pt\">O epis\u00f3dio da passagem de Jo\u00e3o Pessoa em 19 de fevereiro por Princesa (quando ele anunciaria a decis\u00e3o sobre a retirada de Jo\u00e3o Suassuna da chapa) foi retratado na edi\u00e7\u00e3o de 20 de fevereiro de 1930, do Jornal A Uni\u00e3o. J\u00e1 a edi\u00e7\u00e3o do dia 28 trazia a not\u00edcia da decis\u00e3o de Jo\u00e3o Suassuna disputar a elei\u00e7\u00e3o para deputado federal. Um trecho do texto dizia o seguinte:<\/span><\/p>\n<p><span style=\"font-size: 18pt\">\u201cNingu\u00e9m poderia crer que o homem a quem concedeu nosso partido os postos de maior significa\u00e7\u00e3o e realce, na esphera da administra\u00e7\u00e3o p\u00fablica e da pol\u00edtica, fosse pedir ou aceitar um abrigo protector \u00e0 sombra vacilante das bandeiras inimigas, precisamente no instante que est\u00e3o em jogos os interesses vitaes da Parahyba e do partido que generosamente o creou (sic)\u201d.<\/span><\/p>\n<p><span style=\"font-size: 18pt\">Algumas manchetes dos jornais de mar\u00e7o de 1930 d\u2019A Uni\u00e3o davam a t\u00f4nica do que estava acontecendo. Em 4 de mar\u00e7o, publicava-se a seguinte manchete: \u201cA trai\u00e7\u00e3o e os traidores\u201d, com um texto que atacava fortemente Jos\u00e9 Pereira e Jo\u00e3o Suassuna. A edi\u00e7\u00e3o de 6 de mar\u00e7o voltava a bater ainda mais forte nos revoltosos de Princesa, com uma mat\u00e9ria intitulada \u201cOs cangaceiros de Jos\u00e9 Pereira tentando convulsionar o Sert\u00e3o\u201d. Os ataques perdurariam at\u00e9 o fim da Revolta.<\/span><\/p>\n<p><span style=\"font-size: 18pt\">Naquele mesmo ano, Jo\u00e3o Pessoa seria assassinado em 26 de julho, em Recife, como j\u00e1 dito acima, e em outubro, Get\u00falio Vargas e o ex\u00e9rcito tomariam o Pal\u00e1cio do Catete, no que ficaria conhecido como a Revolu\u00e7\u00e3o de 30. A\u00ed j\u00e1 s\u00e3o cenas para os pr\u00f3ximos cap\u00edtulos.<\/span><\/p>\n<h3><span style=\"font-size: 18pt\">Uso de avi\u00e3o e \u201ctanque blindado\u201d<\/span><\/h3>\n<p><span style=\"font-size: 18pt\">por Hilton Gouv\u00eaa<\/span><\/p>\n<dl>\n<dt><span style=\"font-size: 18pt\"><img loading=\"lazy\" decoding=\"async\" title=\"Tanque blindado de Campina Grande, em 1930.jpg\" src=\"https:\/\/auniao.pb.gov.br\/noticias\/caderno_paraiba\/escaramucas-politicas-e-economicas-culminaram-com-a-revolta-de-princesa\/tanque-blindado-de-campina-grande-em-1930.jpg\/@@images\/eb71d124-8194-4ccc-a869-a2e79cf6cb2b.jpeg\" alt=\"Tanque blindado de Campina Grande, em 1930.jpg\" width=\"640\" height=\"389\" \/><\/span><\/dt>\n<dd><span style=\"font-size: 18pt\">O \u201ctanque\u201d era t\u00e3o pesado que n\u00e3o subiu a ladeira do Serrot\u00e3o, sendo rebocado de volta a Campina Grande<\/span><\/dd>\n<\/dl>\n<p><span style=\"font-size: 18pt\">Na Revolta de Princesa Isabel, segundo demonstra o arquivo da For\u00e7a A\u00e9rea Brasileira (FAB),com registro no \u00cdndice Assuntos Diversos \u2013 Avia\u00e7\u00e3o, foi empregado um avi\u00e3o da categoria turismo, da marca Flit, para bombardear o munic\u00edpio. Este, de acordo com orienta\u00e7\u00f5es do ent\u00e3o governador Jo\u00e3o Pessoa, teria a miss\u00e3o preliminar de, inicialmente, lan\u00e7ar panfletos sobre a \u00e1rea de maior ajuntamento de jagun\u00e7os, convidando-os a se render, sem o emprego de armas e, consequentemente, derramamento de sangue. Conv\u00e9m citar que desde o in\u00edcio da luta os soldados da For\u00e7a P\u00fablica da Para\u00edba nunca tinham conseguido entrar no reduto do coronel Jos\u00e9 Pereira.<\/span><\/p>\n<\/div>\n<div><\/div>\n<div>\n<p><span style=\"font-size: 18pt\">Seriam necess\u00e1rias 800 bombas para a opera\u00e7\u00e3o, que foram fabricadas por Alberto Borges e Jos\u00e9 Pimentel. Cada uma pesava cerca de 60 quilos e eram altamente explosivas. Seriam lan\u00e7adas sobre Princesa Isabel, (a 413 quil\u00f4metros de Jo\u00e3o Pessoa). O documento da FAB revela que, Jo\u00e3o Pessoa, de \u00faltima hora, teria impedido o bombardeio, embora, nesse \u00ednterim, ainda faltasse o principal instrumento da opera\u00e7\u00e3o: um avi\u00e3o.<\/span><\/p>\n<p><span style=\"font-size: 18pt\">A Para\u00edba, neste momento de grande decis\u00e3o, j\u00e1 dispunha de dois aviadores h\u00e1beis: Luigi Fossati e Florindo Perroni. O avi\u00e3o, principal instrumento operacional do plano, amerrisou na Praia de Jacum\u00e3, a 22 quil\u00f4metros da capital, \u00e0s 14h do dia 14 de abril\u00a0 de 1930. O piloto era Perroni. A aeronave era um hidroavi\u00e3o, que teve seus trens de pouso \u2013 duas canoas \u2013 substitu\u00eddos por rodas, para operar em terra. Ao deslizar numa ribanceira, o aparelho quebrou a h\u00e9lice e uma das asas. Acabou desmontado e conduzido para Campina Grande, onde seria feito o conserto.<\/span><\/p>\n<p><span style=\"font-size: 18pt\">N\u00e3o houve jeito. O aviador paulista Reinaldo Gonzaga, amigo do governo paraibano, encarregou um certo Charles Astor para adquirir outro aparelho, este batizado de Garoto. Desta vez, o piloto Luigi Fossati conseguiu pousar, com esta avioneta, em Pianc\u00f3, a 25 de junho de 1930 \u2013 um m\u00eas e 3 dias depois, Jo\u00e3o Dantas mataria Jo\u00e3o Pessoa, em Recife, dentro da Confeitaria Gl\u00f3ria, com dois tiros pelas costas. Na localidade de S\u00e3o Boaventura, a nave chegou a dar um voo rasante de 20m de altura, sobre as posi\u00e7\u00f5es inimigas. Tr\u00eas jagun\u00e7os morreram de medo, embora o avi\u00e3ozinho tenha sido atingido por tiros de fuzil, sem se avariar.<\/span><\/p>\n<p><span style=\"font-size: 18pt\">Conta-se uma piada sobre este epis\u00f3dio: o avi\u00e3o foi atingido por tiros de fuzil em S\u00e3o Boaventura, no momento em que liberava uma \u201cnuvem\u201d de panfletos. Tratava-se de uma opera\u00e7\u00e3o de efeito psicol\u00f3gico, sem ocorr\u00eancia (ainda) de bombas. Um jagun\u00e7o perguntou ao outro: \u201cTu acertasse o passarin?\u201d Resposta: \u201cAcho que sim: voismic\u00eanum viu o monte de pena qui ele soltou?\u201d Houve tamb\u00e9m azar: dias depois, o piloto Perroni morreu, da\u00ed porque o avi\u00e3o n\u00e3o conseguiu chegar at\u00e9 o centro de Princesa, o cora\u00e7\u00e3o do quartel-general de Jos\u00e9 Pereira. Este piloto seria o que, em \u00faltima hip\u00f3tese, faria o bombardeio, por conhecer bem a \u00e1rea.<\/span><\/p>\n<p><span style=\"font-size: 18pt\">&#8220;Viatura de guerra&#8221; em CG<\/span><\/p>\n<p><span style=\"font-size: 18pt\">A participa\u00e7\u00e3o de Campina Grande na guerra contra os rebeldes de Princesa Isabel teve um plano iniciado em 1929. Foi l\u00e1 que fabricaram um \u201ccarro-tanque blindado\u201d, para atuar no front das tropas do governo estadual, no grande ataque ao reduto dos jagun\u00e7os de Jos\u00e9 Pereira e seu parente, o caboclo Marcolino. Esta curiosa mat\u00e9ria, foi publicada no Anu\u00e1rio de Campina Grande em 1982.<\/span><\/p>\n<p><span style=\"font-size: 18pt\">Sabe-se pouco que fim levou o estranho \u201cve\u00edculo militar\u201d. Em Princesa ele n\u00e3o chegou. Prova-se que o \u201ctanque\u201d usava pneus da marca Fisk, fabricados pela Fisk Rubber Company, empresa norte-americana fundada em 1924, que exportava pneus e outros produtos para o Brasil. O engenheiro do \u201cblindado\u201d foi o criativo lanterneiro e mec\u00e2nico Duca Paulino, que montou-o sobre a carroceria de um caminh\u00e3o GMC. O \u201ctanque\u201d era t\u00e3o pesado que n\u00e3o conseguiu subir a ladeira do Serrot\u00e3o, sendo rebocado de volta para Campina Grande, de onde sumiu.<\/span><\/p>\n<p><span style=\"font-size: 18pt\">*publicado originalmente na edi\u00e7\u00e3o impressa de 28 de fevereiro de 2020.<\/span><\/p>\n<p><span style=\"font-size: 18pt\">Via A Uni\u00e3o\u00a0<\/span><\/p>\n<\/div>\n<\/div>\n<\/div>\n<\/article>\n<\/div>\n<\/div>\n<p>&nbsp;<\/p>\n<\/div>\n<\/div>\n","protected":false},"excerpt":{"rendered":"<p>Por: Rammom Monte H\u00e1 90 anos, a Para\u00edba presenciava uma luta que entraria para a hist\u00f3ria. No dia 28 de fevereiro de 1930, uma cidade paraibana declarava independ\u00eancia provis\u00f3ria e passaria a ter hino, bandeira e leis pr\u00f3prias. O munic\u00edpio era Princesa Isabel e embate ficou conhecido como a Revolta de Princesa. Al\u00e9m de marcar &#8230; <a title=\"Escaramu\u00e7as pol\u00edticas e econ\u00f4micas culminaram com a Revolta de Princesa\" class=\"read-more\" href=\"https:\/\/blogdodjacirpereira.com.br\/blog\/index.php\/2020\/06\/06\/revolta-de-princesa\/\" aria-label=\"More on Escaramu\u00e7as pol\u00edticas e econ\u00f4micas culminaram com a Revolta de Princesa\">Leia mais<\/a><\/p>\n","protected":false},"author":2,"featured_media":40224,"comment_status":"open","ping_status":"open","sticky":false,"template":"","format":"standard","meta":{"footnotes":""},"categories":[1],"tags":[],"class_list":["post-40221","post","type-post","status-publish","format-standard","has-post-thumbnail","hentry","category-sem-categoria"],"yoast_head":"<!-- This site is optimized with the Yoast SEO plugin v26.6 - https:\/\/yoast.com\/wordpress\/plugins\/seo\/ -->\n<title>Escaramu\u00e7as pol\u00edticas e econ\u00f4micas culminaram com a Revolta de Princesa - Blog do Djacir Pereira<\/title>\n<meta name=\"robots\" content=\"index, follow, max-snippet:-1, max-image-preview:large, max-video-preview:-1\" \/>\n<link rel=\"canonical\" href=\"https:\/\/blogdodjacirpereira.com.br\/blog\/index.php\/2020\/06\/06\/revolta-de-princesa\/\" \/>\n<meta property=\"og:locale\" content=\"pt_BR\" \/>\n<meta property=\"og:type\" content=\"article\" \/>\n<meta property=\"og:title\" content=\"Escaramu\u00e7as pol\u00edticas e econ\u00f4micas culminaram com a Revolta de Princesa - Blog do Djacir Pereira\" \/>\n<meta property=\"og:description\" content=\"Por: Rammom Monte H\u00e1 90 anos, a Para\u00edba presenciava uma luta que entraria para a hist\u00f3ria. No dia 28 de fevereiro de 1930, uma cidade paraibana declarava independ\u00eancia provis\u00f3ria e passaria a ter hino, bandeira e leis pr\u00f3prias. O munic\u00edpio era Princesa Isabel e embate ficou conhecido como a Revolta de Princesa. Al\u00e9m de marcar ... Leia mais\" \/>\n<meta property=\"og:url\" content=\"https:\/\/blogdodjacirpereira.com.br\/blog\/index.php\/2020\/06\/06\/revolta-de-princesa\/\" \/>\n<meta property=\"og:site_name\" content=\"Blog do Djacir Pereira\" \/>\n<meta property=\"article:publisher\" content=\"https:\/\/www.facebook.com\/BlogDjacirPereira\" \/>\n<meta property=\"article:author\" content=\"https:\/\/www.facebook.com\/BlogDjacirPereira\" \/>\n<meta property=\"article:published_time\" content=\"2020-06-06T14:50:30+00:00\" \/>\n<meta property=\"article:modified_time\" content=\"2024-11-30T14:35:25+00:00\" \/>\n<meta property=\"og:image\" content=\"https:\/\/blogdodjacirpereira.com.br\/blog\/wp-content\/uploads\/2020\/06\/16ccd550-0b3d-4f5d-8e0c-fae27de7233a.jpeg\" \/>\n\t<meta property=\"og:image:width\" content=\"745\" \/>\n\t<meta property=\"og:image:height\" content=\"768\" \/>\n\t<meta property=\"og:image:type\" content=\"image\/jpeg\" \/>\n<meta name=\"author\" content=\"Djacir Pereira\" \/>\n<meta name=\"twitter:card\" content=\"summary_large_image\" \/>\n<meta name=\"twitter:label1\" content=\"Escrito por\" \/>\n\t<meta name=\"twitter:data1\" content=\"Djacir Pereira\" \/>\n\t<meta name=\"twitter:label2\" content=\"Est. tempo de leitura\" \/>\n\t<meta name=\"twitter:data2\" content=\"17 minutos\" \/>\n<script type=\"application\/ld+json\" class=\"yoast-schema-graph\">{\"@context\":\"https:\/\/schema.org\",\"@graph\":[{\"@type\":\"Article\",\"@id\":\"https:\/\/blogdodjacirpereira.com.br\/blog\/index.php\/2020\/06\/06\/revolta-de-princesa\/#article\",\"isPartOf\":{\"@id\":\"https:\/\/blogdodjacirpereira.com.br\/blog\/index.php\/2020\/06\/06\/revolta-de-princesa\/\"},\"author\":{\"name\":\"Djacir Pereira\",\"@id\":\"https:\/\/blogdodjacirpereira.com.br\/blog\/#\/schema\/person\/1b0e6c6e04fed652ddcca99f93ad336f\"},\"headline\":\"Escaramu\u00e7as pol\u00edticas e econ\u00f4micas culminaram com a Revolta de Princesa\",\"datePublished\":\"2020-06-06T14:50:30+00:00\",\"dateModified\":\"2024-11-30T14:35:25+00:00\",\"mainEntityOfPage\":{\"@id\":\"https:\/\/blogdodjacirpereira.com.br\/blog\/index.php\/2020\/06\/06\/revolta-de-princesa\/\"},\"wordCount\":3169,\"commentCount\":0,\"publisher\":{\"@id\":\"https:\/\/blogdodjacirpereira.com.br\/blog\/#\/schema\/person\/1b0e6c6e04fed652ddcca99f93ad336f\"},\"image\":{\"@id\":\"https:\/\/blogdodjacirpereira.com.br\/blog\/index.php\/2020\/06\/06\/revolta-de-princesa\/#primaryimage\"},\"thumbnailUrl\":\"https:\/\/blogdodjacirpereira.com.br\/blog\/wp-content\/uploads\/2020\/06\/16ccd550-0b3d-4f5d-8e0c-fae27de7233a.jpeg\",\"inLanguage\":\"pt-BR\",\"potentialAction\":[{\"@type\":\"CommentAction\",\"name\":\"Comment\",\"target\":[\"https:\/\/blogdodjacirpereira.com.br\/blog\/index.php\/2020\/06\/06\/revolta-de-princesa\/#respond\"]}]},{\"@type\":\"WebPage\",\"@id\":\"https:\/\/blogdodjacirpereira.com.br\/blog\/index.php\/2020\/06\/06\/revolta-de-princesa\/\",\"url\":\"https:\/\/blogdodjacirpereira.com.br\/blog\/index.php\/2020\/06\/06\/revolta-de-princesa\/\",\"name\":\"Escaramu\u00e7as pol\u00edticas e econ\u00f4micas culminaram com a Revolta de Princesa - Blog do Djacir Pereira\",\"isPartOf\":{\"@id\":\"https:\/\/blogdodjacirpereira.com.br\/blog\/#website\"},\"primaryImageOfPage\":{\"@id\":\"https:\/\/blogdodjacirpereira.com.br\/blog\/index.php\/2020\/06\/06\/revolta-de-princesa\/#primaryimage\"},\"image\":{\"@id\":\"https:\/\/blogdodjacirpereira.com.br\/blog\/index.php\/2020\/06\/06\/revolta-de-princesa\/#primaryimage\"},\"thumbnailUrl\":\"https:\/\/blogdodjacirpereira.com.br\/blog\/wp-content\/uploads\/2020\/06\/16ccd550-0b3d-4f5d-8e0c-fae27de7233a.jpeg\",\"datePublished\":\"2020-06-06T14:50:30+00:00\",\"dateModified\":\"2024-11-30T14:35:25+00:00\",\"breadcrumb\":{\"@id\":\"https:\/\/blogdodjacirpereira.com.br\/blog\/index.php\/2020\/06\/06\/revolta-de-princesa\/#breadcrumb\"},\"inLanguage\":\"pt-BR\",\"potentialAction\":[{\"@type\":\"ReadAction\",\"target\":[\"https:\/\/blogdodjacirpereira.com.br\/blog\/index.php\/2020\/06\/06\/revolta-de-princesa\/\"]}]},{\"@type\":\"ImageObject\",\"inLanguage\":\"pt-BR\",\"@id\":\"https:\/\/blogdodjacirpereira.com.br\/blog\/index.php\/2020\/06\/06\/revolta-de-princesa\/#primaryimage\",\"url\":\"https:\/\/blogdodjacirpereira.com.br\/blog\/wp-content\/uploads\/2020\/06\/16ccd550-0b3d-4f5d-8e0c-fae27de7233a.jpeg\",\"contentUrl\":\"https:\/\/blogdodjacirpereira.com.br\/blog\/wp-content\/uploads\/2020\/06\/16ccd550-0b3d-4f5d-8e0c-fae27de7233a.jpeg\",\"width\":745,\"height\":768},{\"@type\":\"BreadcrumbList\",\"@id\":\"https:\/\/blogdodjacirpereira.com.br\/blog\/index.php\/2020\/06\/06\/revolta-de-princesa\/#breadcrumb\",\"itemListElement\":[{\"@type\":\"ListItem\",\"position\":1,\"name\":\"In\u00edcio\",\"item\":\"https:\/\/blogdodjacirpereira.com.br\/blog\/\"},{\"@type\":\"ListItem\",\"position\":2,\"name\":\"Escaramu\u00e7as pol\u00edticas e econ\u00f4micas culminaram com a Revolta de Princesa\"}]},{\"@type\":\"WebSite\",\"@id\":\"https:\/\/blogdodjacirpereira.com.br\/blog\/#website\",\"url\":\"https:\/\/blogdodjacirpereira.com.br\/blog\/\",\"name\":\"blog do Djacir Pereira\",\"description\":\"\",\"publisher\":{\"@id\":\"https:\/\/blogdodjacirpereira.com.br\/blog\/#\/schema\/person\/1b0e6c6e04fed652ddcca99f93ad336f\"},\"alternateName\":\"blog do Djacir Pereira\",\"potentialAction\":[{\"@type\":\"SearchAction\",\"target\":{\"@type\":\"EntryPoint\",\"urlTemplate\":\"https:\/\/blogdodjacirpereira.com.br\/blog\/?s={search_term_string}\"},\"query-input\":{\"@type\":\"PropertyValueSpecification\",\"valueRequired\":true,\"valueName\":\"search_term_string\"}}],\"inLanguage\":\"pt-BR\"},{\"@type\":[\"Person\",\"Organization\"],\"@id\":\"https:\/\/blogdodjacirpereira.com.br\/blog\/#\/schema\/person\/1b0e6c6e04fed652ddcca99f93ad336f\",\"name\":\"Djacir Pereira\",\"image\":{\"@type\":\"ImageObject\",\"inLanguage\":\"pt-BR\",\"@id\":\"https:\/\/blogdodjacirpereira.com.br\/blog\/#\/schema\/person\/image\/\",\"url\":\"https:\/\/blogdodjacirpereira.com.br\/blog\/wp-content\/uploads\/2022\/05\/LOGOMARCA5.jpg\",\"contentUrl\":\"https:\/\/blogdodjacirpereira.com.br\/blog\/wp-content\/uploads\/2022\/05\/LOGOMARCA5.jpg\",\"width\":945,\"height\":945,\"caption\":\"Djacir Pereira\"},\"logo\":{\"@id\":\"https:\/\/blogdodjacirpereira.com.br\/blog\/#\/schema\/person\/image\/\"},\"sameAs\":[\"https:\/\/blogdodjacirpereira.com.br\/blog\/\",\"https:\/\/www.facebook.com\/BlogDjacirPereira\",\"https:\/\/www.instagram.com\/djacirpereira\/\",\"https:\/\/www.youtube.com\/c\/blogdodjacirpereira\/videos\"],\"url\":\"https:\/\/blogdodjacirpereira.com.br\/blog\/index.php\/author\/djacyr\/\"}]}<\/script>\n<!-- \/ Yoast SEO plugin. -->","yoast_head_json":{"title":"Escaramu\u00e7as pol\u00edticas e econ\u00f4micas culminaram com a Revolta de Princesa - Blog do Djacir Pereira","robots":{"index":"index","follow":"follow","max-snippet":"max-snippet:-1","max-image-preview":"max-image-preview:large","max-video-preview":"max-video-preview:-1"},"canonical":"https:\/\/blogdodjacirpereira.com.br\/blog\/index.php\/2020\/06\/06\/revolta-de-princesa\/","og_locale":"pt_BR","og_type":"article","og_title":"Escaramu\u00e7as pol\u00edticas e econ\u00f4micas culminaram com a Revolta de Princesa - Blog do Djacir Pereira","og_description":"Por: Rammom Monte H\u00e1 90 anos, a Para\u00edba presenciava uma luta que entraria para a hist\u00f3ria. No dia 28 de fevereiro de 1930, uma cidade paraibana declarava independ\u00eancia provis\u00f3ria e passaria a ter hino, bandeira e leis pr\u00f3prias. O munic\u00edpio era Princesa Isabel e embate ficou conhecido como a Revolta de Princesa. Al\u00e9m de marcar ... Leia mais","og_url":"https:\/\/blogdodjacirpereira.com.br\/blog\/index.php\/2020\/06\/06\/revolta-de-princesa\/","og_site_name":"Blog do Djacir Pereira","article_publisher":"https:\/\/www.facebook.com\/BlogDjacirPereira","article_author":"https:\/\/www.facebook.com\/BlogDjacirPereira","article_published_time":"2020-06-06T14:50:30+00:00","article_modified_time":"2024-11-30T14:35:25+00:00","og_image":[{"width":745,"height":768,"url":"https:\/\/blogdodjacirpereira.com.br\/blog\/wp-content\/uploads\/2020\/06\/16ccd550-0b3d-4f5d-8e0c-fae27de7233a.jpeg","type":"image\/jpeg"}],"author":"Djacir Pereira","twitter_card":"summary_large_image","twitter_misc":{"Escrito por":"Djacir Pereira","Est. tempo de leitura":"17 minutos"},"schema":{"@context":"https:\/\/schema.org","@graph":[{"@type":"Article","@id":"https:\/\/blogdodjacirpereira.com.br\/blog\/index.php\/2020\/06\/06\/revolta-de-princesa\/#article","isPartOf":{"@id":"https:\/\/blogdodjacirpereira.com.br\/blog\/index.php\/2020\/06\/06\/revolta-de-princesa\/"},"author":{"name":"Djacir Pereira","@id":"https:\/\/blogdodjacirpereira.com.br\/blog\/#\/schema\/person\/1b0e6c6e04fed652ddcca99f93ad336f"},"headline":"Escaramu\u00e7as pol\u00edticas e econ\u00f4micas culminaram com a Revolta de Princesa","datePublished":"2020-06-06T14:50:30+00:00","dateModified":"2024-11-30T14:35:25+00:00","mainEntityOfPage":{"@id":"https:\/\/blogdodjacirpereira.com.br\/blog\/index.php\/2020\/06\/06\/revolta-de-princesa\/"},"wordCount":3169,"commentCount":0,"publisher":{"@id":"https:\/\/blogdodjacirpereira.com.br\/blog\/#\/schema\/person\/1b0e6c6e04fed652ddcca99f93ad336f"},"image":{"@id":"https:\/\/blogdodjacirpereira.com.br\/blog\/index.php\/2020\/06\/06\/revolta-de-princesa\/#primaryimage"},"thumbnailUrl":"https:\/\/blogdodjacirpereira.com.br\/blog\/wp-content\/uploads\/2020\/06\/16ccd550-0b3d-4f5d-8e0c-fae27de7233a.jpeg","inLanguage":"pt-BR","potentialAction":[{"@type":"CommentAction","name":"Comment","target":["https:\/\/blogdodjacirpereira.com.br\/blog\/index.php\/2020\/06\/06\/revolta-de-princesa\/#respond"]}]},{"@type":"WebPage","@id":"https:\/\/blogdodjacirpereira.com.br\/blog\/index.php\/2020\/06\/06\/revolta-de-princesa\/","url":"https:\/\/blogdodjacirpereira.com.br\/blog\/index.php\/2020\/06\/06\/revolta-de-princesa\/","name":"Escaramu\u00e7as pol\u00edticas e econ\u00f4micas culminaram com a Revolta de Princesa - Blog do Djacir Pereira","isPartOf":{"@id":"https:\/\/blogdodjacirpereira.com.br\/blog\/#website"},"primaryImageOfPage":{"@id":"https:\/\/blogdodjacirpereira.com.br\/blog\/index.php\/2020\/06\/06\/revolta-de-princesa\/#primaryimage"},"image":{"@id":"https:\/\/blogdodjacirpereira.com.br\/blog\/index.php\/2020\/06\/06\/revolta-de-princesa\/#primaryimage"},"thumbnailUrl":"https:\/\/blogdodjacirpereira.com.br\/blog\/wp-content\/uploads\/2020\/06\/16ccd550-0b3d-4f5d-8e0c-fae27de7233a.jpeg","datePublished":"2020-06-06T14:50:30+00:00","dateModified":"2024-11-30T14:35:25+00:00","breadcrumb":{"@id":"https:\/\/blogdodjacirpereira.com.br\/blog\/index.php\/2020\/06\/06\/revolta-de-princesa\/#breadcrumb"},"inLanguage":"pt-BR","potentialAction":[{"@type":"ReadAction","target":["https:\/\/blogdodjacirpereira.com.br\/blog\/index.php\/2020\/06\/06\/revolta-de-princesa\/"]}]},{"@type":"ImageObject","inLanguage":"pt-BR","@id":"https:\/\/blogdodjacirpereira.com.br\/blog\/index.php\/2020\/06\/06\/revolta-de-princesa\/#primaryimage","url":"https:\/\/blogdodjacirpereira.com.br\/blog\/wp-content\/uploads\/2020\/06\/16ccd550-0b3d-4f5d-8e0c-fae27de7233a.jpeg","contentUrl":"https:\/\/blogdodjacirpereira.com.br\/blog\/wp-content\/uploads\/2020\/06\/16ccd550-0b3d-4f5d-8e0c-fae27de7233a.jpeg","width":745,"height":768},{"@type":"BreadcrumbList","@id":"https:\/\/blogdodjacirpereira.com.br\/blog\/index.php\/2020\/06\/06\/revolta-de-princesa\/#breadcrumb","itemListElement":[{"@type":"ListItem","position":1,"name":"In\u00edcio","item":"https:\/\/blogdodjacirpereira.com.br\/blog\/"},{"@type":"ListItem","position":2,"name":"Escaramu\u00e7as pol\u00edticas e econ\u00f4micas culminaram com a Revolta de Princesa"}]},{"@type":"WebSite","@id":"https:\/\/blogdodjacirpereira.com.br\/blog\/#website","url":"https:\/\/blogdodjacirpereira.com.br\/blog\/","name":"blog do Djacir Pereira","description":"","publisher":{"@id":"https:\/\/blogdodjacirpereira.com.br\/blog\/#\/schema\/person\/1b0e6c6e04fed652ddcca99f93ad336f"},"alternateName":"blog do Djacir Pereira","potentialAction":[{"@type":"SearchAction","target":{"@type":"EntryPoint","urlTemplate":"https:\/\/blogdodjacirpereira.com.br\/blog\/?s={search_term_string}"},"query-input":{"@type":"PropertyValueSpecification","valueRequired":true,"valueName":"search_term_string"}}],"inLanguage":"pt-BR"},{"@type":["Person","Organization"],"@id":"https:\/\/blogdodjacirpereira.com.br\/blog\/#\/schema\/person\/1b0e6c6e04fed652ddcca99f93ad336f","name":"Djacir Pereira","image":{"@type":"ImageObject","inLanguage":"pt-BR","@id":"https:\/\/blogdodjacirpereira.com.br\/blog\/#\/schema\/person\/image\/","url":"https:\/\/blogdodjacirpereira.com.br\/blog\/wp-content\/uploads\/2022\/05\/LOGOMARCA5.jpg","contentUrl":"https:\/\/blogdodjacirpereira.com.br\/blog\/wp-content\/uploads\/2022\/05\/LOGOMARCA5.jpg","width":945,"height":945,"caption":"Djacir Pereira"},"logo":{"@id":"https:\/\/blogdodjacirpereira.com.br\/blog\/#\/schema\/person\/image\/"},"sameAs":["https:\/\/blogdodjacirpereira.com.br\/blog\/","https:\/\/www.facebook.com\/BlogDjacirPereira","https:\/\/www.instagram.com\/djacirpereira\/","https:\/\/www.youtube.com\/c\/blogdodjacirpereira\/videos"],"url":"https:\/\/blogdodjacirpereira.com.br\/blog\/index.php\/author\/djacyr\/"}]}},"_links":{"self":[{"href":"https:\/\/blogdodjacirpereira.com.br\/blog\/index.php\/wp-json\/wp\/v2\/posts\/40221","targetHints":{"allow":["GET"]}}],"collection":[{"href":"https:\/\/blogdodjacirpereira.com.br\/blog\/index.php\/wp-json\/wp\/v2\/posts"}],"about":[{"href":"https:\/\/blogdodjacirpereira.com.br\/blog\/index.php\/wp-json\/wp\/v2\/types\/post"}],"author":[{"embeddable":true,"href":"https:\/\/blogdodjacirpereira.com.br\/blog\/index.php\/wp-json\/wp\/v2\/users\/2"}],"replies":[{"embeddable":true,"href":"https:\/\/blogdodjacirpereira.com.br\/blog\/index.php\/wp-json\/wp\/v2\/comments?post=40221"}],"version-history":[{"count":3,"href":"https:\/\/blogdodjacirpereira.com.br\/blog\/index.php\/wp-json\/wp\/v2\/posts\/40221\/revisions"}],"predecessor-version":[{"id":40225,"href":"https:\/\/blogdodjacirpereira.com.br\/blog\/index.php\/wp-json\/wp\/v2\/posts\/40221\/revisions\/40225"}],"wp:featuredmedia":[{"embeddable":true,"href":"https:\/\/blogdodjacirpereira.com.br\/blog\/index.php\/wp-json\/wp\/v2\/media\/40224"}],"wp:attachment":[{"href":"https:\/\/blogdodjacirpereira.com.br\/blog\/index.php\/wp-json\/wp\/v2\/media?parent=40221"}],"wp:term":[{"taxonomy":"category","embeddable":true,"href":"https:\/\/blogdodjacirpereira.com.br\/blog\/index.php\/wp-json\/wp\/v2\/categories?post=40221"},{"taxonomy":"post_tag","embeddable":true,"href":"https:\/\/blogdodjacirpereira.com.br\/blog\/index.php\/wp-json\/wp\/v2\/tags?post=40221"}],"curies":[{"name":"wp","href":"https:\/\/api.w.org\/{rel}","templated":true}]}}