{"id":51950,"date":"2026-04-30T19:57:50","date_gmt":"2026-04-30T22:57:50","guid":{"rendered":"https:\/\/blogdodjacirpereira.com.br\/blog\/?p=51950"},"modified":"2026-04-30T20:00:04","modified_gmt":"2026-04-30T23:00:04","slug":"princesa-isabel-paga-educacao-e-todos-os-efetivos-nesta-quinta-feira-30-r-17-milhao-injetados-na-economia-local","status":"publish","type":"post","link":"https:\/\/blogdodjacirpereira.com.br\/blog\/index.php\/2026\/04\/30\/princesa-isabel-paga-educacao-e-todos-os-efetivos-nesta-quinta-feira-30-r-17-milhao-injetados-na-economia-local\/","title":{"rendered":"PRINCESA ISABEL PAGA EDUCA\u00c7\u00c3O E TODOS OS EFETIVOS NESTA QUINTA-FEIRA (30); R$ 1,7 MILH\u00c3O INJETADOS NA ECONOMIA LOCAL"},"content":{"rendered":"<p><span style=\"font-size: 18pt\">A Prefeitura de Princesa Isabel realizou, nesta quinta-feira (30), o pagamento dos sal\u00e1rios dos servidores da Educa\u00e7\u00e3o e de todos os efetivos do munic\u00edpio.<\/span><\/p>\n<p><span style=\"font-size: 18pt\">Ao todo, mais de R$ 1,7 milh\u00e3o est\u00e3o sendo injetados na economia local, fortalecendo o com\u00e9rcio e movimentando diversos setores.<\/span><\/p>\n<p><span style=\"font-size: 18pt\">O pagamento dos servidores da pasta da Sa\u00fade, ser\u00e1 efetuado de forma escalonada com previs\u00e3o de conclus\u00e3o at\u00e9 o dia 10 do m\u00eas subsequente.<\/span><\/p>\n","protected":false},"excerpt":{"rendered":"<p>A Prefeitura de Princesa Isabel realizou, nesta quinta-feira (30), o pagamento dos sal\u00e1rios dos servidores da Educa\u00e7\u00e3o e de todos os efetivos do munic\u00edpio. Ao todo, mais de R$ 1,7 milh\u00e3o est\u00e3o sendo injetados na economia local, fortalecendo o com\u00e9rcio e movimentando diversos setores. O pagamento dos servidores da pasta da Sa\u00fade, ser\u00e1 efetuado de &#8230; <a title=\"PRINCESA ISABEL PAGA EDUCA\u00c7\u00c3O E TODOS OS EFETIVOS NESTA QUINTA-FEIRA (30); R$ 1,7 MILH\u00c3O INJETADOS NA ECONOMIA LOCAL\" class=\"read-more\" href=\"https:\/\/blogdodjacirpereira.com.br\/blog\/index.php\/2026\/04\/30\/princesa-isabel-paga-educacao-e-todos-os-efetivos-nesta-quinta-feira-30-r-17-milhao-injetados-na-economia-local\/\" aria-label=\"More on PRINCESA ISABEL PAGA EDUCA\u00c7\u00c3O E TODOS OS EFETIVOS NESTA QUINTA-FEIRA (30); R$ 1,7 MILH\u00c3O INJETADOS NA ECONOMIA LOCAL\">Leia mais<\/a><\/p>\n","protected":false},"author":2,"featured_media":51954,"comment_status":"open","ping_status":"open","sticky":false,"template":"","format":"standard","meta":{"footnotes":""},"categories":[1],"tags":[],"class_list":["post-51950","post","type-post","status-publish","format-standard","has-post-thumbnail","hentry","category-sem-categoria"],"yoast_head":"<!-- This site is optimized with the Yoast SEO plugin v26.6 - https:\/\/yoast.com\/wordpress\/plugins\/seo\/ -->\n<title>PRINCESA ISABEL PAGA EDUCA\u00c7\u00c3O E TODOS OS EFETIVOS NESTA QUINTA-FEIRA (30); R$ 1,7 MILH\u00c3O INJETADOS NA ECONOMIA LOCAL - Blog do Djacir Pereira<\/title>\n<meta name=\"robots\" content=\"index, follow, max-snippet:-1, max-image-preview:large, max-video-preview:-1\" \/>\n<link rel=\"canonical\" href=\"https:\/\/blogdodjacirpereira.com.br\/blog\/index.php\/2026\/04\/30\/princesa-isabel-paga-educacao-e-todos-os-efetivos-nesta-quinta-feira-30-r-17-milhao-injetados-na-economia-local\/\" \/>\n<meta property=\"og:locale\" content=\"pt_BR\" \/>\n<meta property=\"og:type\" content=\"article\" \/>\n<meta property=\"og:title\" content=\"PRINCESA ISABEL PAGA EDUCA\u00c7\u00c3O E TODOS OS EFETIVOS NESTA QUINTA-FEIRA (30); R$ 1,7 MILH\u00c3O INJETADOS NA ECONOMIA LOCAL - Blog do Djacir Pereira\" \/>\n<meta property=\"og:description\" content=\"A Prefeitura de Princesa Isabel realizou, nesta quinta-feira (30), o pagamento dos sal\u00e1rios dos servidores da Educa\u00e7\u00e3o e de todos os efetivos do munic\u00edpio. Ao todo, mais de R$ 1,7 milh\u00e3o est\u00e3o sendo injetados na economia local, fortalecendo o com\u00e9rcio e movimentando diversos setores. O pagamento dos servidores da pasta da Sa\u00fade, ser\u00e1 efetuado de ... Leia mais\" \/>\n<meta property=\"og:url\" content=\"https:\/\/blogdodjacirpereira.com.br\/blog\/index.php\/2026\/04\/30\/princesa-isabel-paga-educacao-e-todos-os-efetivos-nesta-quinta-feira-30-r-17-milhao-injetados-na-economia-local\/\" \/>\n<meta property=\"og:site_name\" content=\"Blog do Djacir Pereira\" \/>\n<meta property=\"article:publisher\" content=\"https:\/\/www.facebook.com\/BlogDjacirPereira\" \/>\n<meta property=\"article:author\" content=\"https:\/\/www.facebook.com\/BlogDjacirPereira\" \/>\n<meta property=\"article:published_time\" content=\"2026-04-30T22:57:50+00:00\" \/>\n<meta property=\"article:modified_time\" content=\"2026-04-30T23:00:04+00:00\" \/>\n<meta property=\"og:image\" content=\"https:\/\/blogdodjacirpereira.com.br\/blog\/wp-content\/uploads\/2026\/04\/26c24840-1010-4378-acae-a2d02a822907.jpeg\" \/>\n\t<meta property=\"og:image:width\" content=\"900\" \/>\n\t<meta property=\"og:image:height\" content=\"595\" \/>\n\t<meta property=\"og:image:type\" content=\"image\/jpeg\" \/>\n<meta name=\"author\" content=\"Djacir Pereira\" \/>\n<meta name=\"twitter:card\" content=\"summary_large_image\" \/>\n<meta name=\"twitter:label1\" content=\"Escrito por\" \/>\n\t<meta name=\"twitter:data1\" content=\"Djacir Pereira\" \/>\n\t<meta name=\"twitter:label2\" content=\"Est. tempo de leitura\" \/>\n\t<meta name=\"twitter:data2\" content=\"1 minuto\" \/>\n<script type=\"application\/ld+json\" class=\"yoast-schema-graph\">{\"@context\":\"https:\/\/schema.org\",\"@graph\":[{\"@type\":\"Article\",\"@id\":\"https:\/\/blogdodjacirpereira.com.br\/blog\/index.php\/2026\/04\/30\/princesa-isabel-paga-educacao-e-todos-os-efetivos-nesta-quinta-feira-30-r-17-milhao-injetados-na-economia-local\/#article\",\"isPartOf\":{\"@id\":\"https:\/\/blogdodjacirpereira.com.br\/blog\/index.php\/2026\/04\/30\/princesa-isabel-paga-educacao-e-todos-os-efetivos-nesta-quinta-feira-30-r-17-milhao-injetados-na-economia-local\/\"},\"author\":{\"name\":\"Djacir Pereira\",\"@id\":\"https:\/\/blogdodjacirpereira.com.br\/blog\/#\/schema\/person\/1b0e6c6e04fed652ddcca99f93ad336f\"},\"headline\":\"PRINCESA ISABEL PAGA EDUCA\u00c7\u00c3O E TODOS OS EFETIVOS NESTA QUINTA-FEIRA (30); R$ 1,7 MILH\u00c3O INJETADOS NA ECONOMIA LOCAL\",\"datePublished\":\"2026-04-30T22:57:50+00:00\",\"dateModified\":\"2026-04-30T23:00:04+00:00\",\"mainEntityOfPage\":{\"@id\":\"https:\/\/blogdodjacirpereira.com.br\/blog\/index.php\/2026\/04\/30\/princesa-isabel-paga-educacao-e-todos-os-efetivos-nesta-quinta-feira-30-r-17-milhao-injetados-na-economia-local\/\"},\"wordCount\":93,\"commentCount\":0,\"publisher\":{\"@id\":\"https:\/\/blogdodjacirpereira.com.br\/blog\/#\/schema\/person\/1b0e6c6e04fed652ddcca99f93ad336f\"},\"image\":{\"@id\":\"https:\/\/blogdodjacirpereira.com.br\/blog\/index.php\/2026\/04\/30\/princesa-isabel-paga-educacao-e-todos-os-efetivos-nesta-quinta-feira-30-r-17-milhao-injetados-na-economia-local\/#primaryimage\"},\"thumbnailUrl\":\"https:\/\/blogdodjacirpereira.com.br\/blog\/wp-content\/uploads\/2026\/04\/26c24840-1010-4378-acae-a2d02a822907.jpeg\",\"inLanguage\":\"pt-BR\",\"potentialAction\":[{\"@type\":\"CommentAction\",\"name\":\"Comment\",\"target\":[\"https:\/\/blogdodjacirpereira.com.br\/blog\/index.php\/2026\/04\/30\/princesa-isabel-paga-educacao-e-todos-os-efetivos-nesta-quinta-feira-30-r-17-milhao-injetados-na-economia-local\/#respond\"]}]},{\"@type\":\"WebPage\",\"@id\":\"https:\/\/blogdodjacirpereira.com.br\/blog\/index.php\/2026\/04\/30\/princesa-isabel-paga-educacao-e-todos-os-efetivos-nesta-quinta-feira-30-r-17-milhao-injetados-na-economia-local\/\",\"url\":\"https:\/\/blogdodjacirpereira.com.br\/blog\/index.php\/2026\/04\/30\/princesa-isabel-paga-educacao-e-todos-os-efetivos-nesta-quinta-feira-30-r-17-milhao-injetados-na-economia-local\/\",\"name\":\"PRINCESA ISABEL PAGA EDUCA\u00c7\u00c3O E TODOS OS EFETIVOS NESTA QUINTA-FEIRA (30); R$ 1,7 MILH\u00c3O INJETADOS NA ECONOMIA LOCAL - Blog do Djacir Pereira\",\"isPartOf\":{\"@id\":\"https:\/\/blogdodjacirpereira.com.br\/blog\/#website\"},\"primaryImageOfPage\":{\"@id\":\"https:\/\/blogdodjacirpereira.com.br\/blog\/index.php\/2026\/04\/30\/princesa-isabel-paga-educacao-e-todos-os-efetivos-nesta-quinta-feira-30-r-17-milhao-injetados-na-economia-local\/#primaryimage\"},\"image\":{\"@id\":\"https:\/\/blogdodjacirpereira.com.br\/blog\/index.php\/2026\/04\/30\/princesa-isabel-paga-educacao-e-todos-os-efetivos-nesta-quinta-feira-30-r-17-milhao-injetados-na-economia-local\/#primaryimage\"},\"thumbnailUrl\":\"https:\/\/blogdodjacirpereira.com.br\/blog\/wp-content\/uploads\/2026\/04\/26c24840-1010-4378-acae-a2d02a822907.jpeg\",\"datePublished\":\"2026-04-30T22:57:50+00:00\",\"dateModified\":\"2026-04-30T23:00:04+00:00\",\"breadcrumb\":{\"@id\":\"https:\/\/blogdodjacirpereira.com.br\/blog\/index.php\/2026\/04\/30\/princesa-isabel-paga-educacao-e-todos-os-efetivos-nesta-quinta-feira-30-r-17-milhao-injetados-na-economia-local\/#breadcrumb\"},\"inLanguage\":\"pt-BR\",\"potentialAction\":[{\"@type\":\"ReadAction\",\"target\":[\"https:\/\/blogdodjacirpereira.com.br\/blog\/index.php\/2026\/04\/30\/princesa-isabel-paga-educacao-e-todos-os-efetivos-nesta-quinta-feira-30-r-17-milhao-injetados-na-economia-local\/\"]}]},{\"@type\":\"ImageObject\",\"inLanguage\":\"pt-BR\",\"@id\":\"https:\/\/blogdodjacirpereira.com.br\/blog\/index.php\/2026\/04\/30\/princesa-isabel-paga-educacao-e-todos-os-efetivos-nesta-quinta-feira-30-r-17-milhao-injetados-na-economia-local\/#primaryimage\",\"url\":\"https:\/\/blogdodjacirpereira.com.br\/blog\/wp-content\/uploads\/2026\/04\/26c24840-1010-4378-acae-a2d02a822907.jpeg\",\"contentUrl\":\"https:\/\/blogdodjacirpereira.com.br\/blog\/wp-content\/uploads\/2026\/04\/26c24840-1010-4378-acae-a2d02a822907.jpeg\",\"width\":900,\"height\":595},{\"@type\":\"BreadcrumbList\",\"@id\":\"https:\/\/blogdodjacirpereira.com.br\/blog\/index.php\/2026\/04\/30\/princesa-isabel-paga-educacao-e-todos-os-efetivos-nesta-quinta-feira-30-r-17-milhao-injetados-na-economia-local\/#breadcrumb\",\"itemListElement\":[{\"@type\":\"ListItem\",\"position\":1,\"name\":\"In\u00edcio\",\"item\":\"https:\/\/blogdodjacirpereira.com.br\/blog\/\"},{\"@type\":\"ListItem\",\"position\":2,\"name\":\"PRINCESA ISABEL PAGA EDUCA\u00c7\u00c3O E TODOS OS EFETIVOS NESTA QUINTA-FEIRA (30); R$ 1,7 MILH\u00c3O INJETADOS NA ECONOMIA LOCAL\"}]},{\"@type\":\"WebSite\",\"@id\":\"https:\/\/blogdodjacirpereira.com.br\/blog\/#website\",\"url\":\"https:\/\/blogdodjacirpereira.com.br\/blog\/\",\"name\":\"blog do Djacir Pereira\",\"description\":\"\",\"publisher\":{\"@id\":\"https:\/\/blogdodjacirpereira.com.br\/blog\/#\/schema\/person\/1b0e6c6e04fed652ddcca99f93ad336f\"},\"alternateName\":\"blog do Djacir Pereira\",\"potentialAction\":[{\"@type\":\"SearchAction\",\"target\":{\"@type\":\"EntryPoint\",\"urlTemplate\":\"https:\/\/blogdodjacirpereira.com.br\/blog\/?s={search_term_string}\"},\"query-input\":{\"@type\":\"PropertyValueSpecification\",\"valueRequired\":true,\"valueName\":\"search_term_string\"}}],\"inLanguage\":\"pt-BR\"},{\"@type\":[\"Person\",\"Organization\"],\"@id\":\"https:\/\/blogdodjacirpereira.com.br\/blog\/#\/schema\/person\/1b0e6c6e04fed652ddcca99f93ad336f\",\"name\":\"Djacir Pereira\",\"image\":{\"@type\":\"ImageObject\",\"inLanguage\":\"pt-BR\",\"@id\":\"https:\/\/blogdodjacirpereira.com.br\/blog\/#\/schema\/person\/image\/\",\"url\":\"https:\/\/blogdodjacirpereira.com.br\/blog\/wp-content\/uploads\/2022\/05\/LOGOMARCA5.jpg\",\"contentUrl\":\"https:\/\/blogdodjacirpereira.com.br\/blog\/wp-content\/uploads\/2022\/05\/LOGOMARCA5.jpg\",\"width\":945,\"height\":945,\"caption\":\"Djacir Pereira\"},\"logo\":{\"@id\":\"https:\/\/blogdodjacirpereira.com.br\/blog\/#\/schema\/person\/image\/\"},\"sameAs\":[\"https:\/\/blogdodjacirpereira.com.br\/blog\/\",\"https:\/\/www.facebook.com\/BlogDjacirPereira\",\"https:\/\/www.instagram.com\/djacirpereira\/\",\"https:\/\/www.youtube.com\/c\/blogdodjacirpereira\/videos\"],\"url\":\"https:\/\/blogdodjacirpereira.com.br\/blog\/index.php\/author\/djacyr\/\"}]}<\/script>\n<!-- \/ Yoast SEO plugin. -->","yoast_head_json":{"title":"PRINCESA ISABEL PAGA EDUCA\u00c7\u00c3O E TODOS OS EFETIVOS NESTA QUINTA-FEIRA (30); R$ 1,7 MILH\u00c3O INJETADOS NA ECONOMIA LOCAL - Blog do Djacir Pereira","robots":{"index":"index","follow":"follow","max-snippet":"max-snippet:-1","max-image-preview":"max-image-preview:large","max-video-preview":"max-video-preview:-1"},"canonical":"https:\/\/blogdodjacirpereira.com.br\/blog\/index.php\/2026\/04\/30\/princesa-isabel-paga-educacao-e-todos-os-efetivos-nesta-quinta-feira-30-r-17-milhao-injetados-na-economia-local\/","og_locale":"pt_BR","og_type":"article","og_title":"PRINCESA ISABEL PAGA EDUCA\u00c7\u00c3O E TODOS OS EFETIVOS NESTA QUINTA-FEIRA (30); R$ 1,7 MILH\u00c3O INJETADOS NA ECONOMIA LOCAL - Blog do Djacir Pereira","og_description":"A Prefeitura de Princesa Isabel realizou, nesta quinta-feira (30), o pagamento dos sal\u00e1rios dos servidores da Educa\u00e7\u00e3o e de todos os efetivos do munic\u00edpio. Ao todo, mais de R$ 1,7 milh\u00e3o est\u00e3o sendo injetados na economia local, fortalecendo o com\u00e9rcio e movimentando diversos setores. O pagamento dos servidores da pasta da Sa\u00fade, ser\u00e1 efetuado de ... Leia mais","og_url":"https:\/\/blogdodjacirpereira.com.br\/blog\/index.php\/2026\/04\/30\/princesa-isabel-paga-educacao-e-todos-os-efetivos-nesta-quinta-feira-30-r-17-milhao-injetados-na-economia-local\/","og_site_name":"Blog do Djacir Pereira","article_publisher":"https:\/\/www.facebook.com\/BlogDjacirPereira","article_author":"https:\/\/www.facebook.com\/BlogDjacirPereira","article_published_time":"2026-04-30T22:57:50+00:00","article_modified_time":"2026-04-30T23:00:04+00:00","og_image":[{"width":900,"height":595,"url":"https:\/\/blogdodjacirpereira.com.br\/blog\/wp-content\/uploads\/2026\/04\/26c24840-1010-4378-acae-a2d02a822907.jpeg","type":"image\/jpeg"}],"author":"Djacir Pereira","twitter_card":"summary_large_image","twitter_misc":{"Escrito por":"Djacir Pereira","Est. tempo de leitura":"1 minuto"},"schema":{"@context":"https:\/\/schema.org","@graph":[{"@type":"Article","@id":"https:\/\/blogdodjacirpereira.com.br\/blog\/index.php\/2026\/04\/30\/princesa-isabel-paga-educacao-e-todos-os-efetivos-nesta-quinta-feira-30-r-17-milhao-injetados-na-economia-local\/#article","isPartOf":{"@id":"https:\/\/blogdodjacirpereira.com.br\/blog\/index.php\/2026\/04\/30\/princesa-isabel-paga-educacao-e-todos-os-efetivos-nesta-quinta-feira-30-r-17-milhao-injetados-na-economia-local\/"},"author":{"name":"Djacir Pereira","@id":"https:\/\/blogdodjacirpereira.com.br\/blog\/#\/schema\/person\/1b0e6c6e04fed652ddcca99f93ad336f"},"headline":"PRINCESA ISABEL PAGA EDUCA\u00c7\u00c3O E TODOS OS EFETIVOS NESTA QUINTA-FEIRA (30); R$ 1,7 MILH\u00c3O INJETADOS NA ECONOMIA LOCAL","datePublished":"2026-04-30T22:57:50+00:00","dateModified":"2026-04-30T23:00:04+00:00","mainEntityOfPage":{"@id":"https:\/\/blogdodjacirpereira.com.br\/blog\/index.php\/2026\/04\/30\/princesa-isabel-paga-educacao-e-todos-os-efetivos-nesta-quinta-feira-30-r-17-milhao-injetados-na-economia-local\/"},"wordCount":93,"commentCount":0,"publisher":{"@id":"https:\/\/blogdodjacirpereira.com.br\/blog\/#\/schema\/person\/1b0e6c6e04fed652ddcca99f93ad336f"},"image":{"@id":"https:\/\/blogdodjacirpereira.com.br\/blog\/index.php\/2026\/04\/30\/princesa-isabel-paga-educacao-e-todos-os-efetivos-nesta-quinta-feira-30-r-17-milhao-injetados-na-economia-local\/#primaryimage"},"thumbnailUrl":"https:\/\/blogdodjacirpereira.com.br\/blog\/wp-content\/uploads\/2026\/04\/26c24840-1010-4378-acae-a2d02a822907.jpeg","inLanguage":"pt-BR","potentialAction":[{"@type":"CommentAction","name":"Comment","target":["https:\/\/blogdodjacirpereira.com.br\/blog\/index.php\/2026\/04\/30\/princesa-isabel-paga-educacao-e-todos-os-efetivos-nesta-quinta-feira-30-r-17-milhao-injetados-na-economia-local\/#respond"]}]},{"@type":"WebPage","@id":"https:\/\/blogdodjacirpereira.com.br\/blog\/index.php\/2026\/04\/30\/princesa-isabel-paga-educacao-e-todos-os-efetivos-nesta-quinta-feira-30-r-17-milhao-injetados-na-economia-local\/","url":"https:\/\/blogdodjacirpereira.com.br\/blog\/index.php\/2026\/04\/30\/princesa-isabel-paga-educacao-e-todos-os-efetivos-nesta-quinta-feira-30-r-17-milhao-injetados-na-economia-local\/","name":"PRINCESA ISABEL PAGA EDUCA\u00c7\u00c3O E TODOS OS EFETIVOS NESTA QUINTA-FEIRA (30); R$ 1,7 MILH\u00c3O INJETADOS NA ECONOMIA LOCAL - Blog do Djacir Pereira","isPartOf":{"@id":"https:\/\/blogdodjacirpereira.com.br\/blog\/#website"},"primaryImageOfPage":{"@id":"https:\/\/blogdodjacirpereira.com.br\/blog\/index.php\/2026\/04\/30\/princesa-isabel-paga-educacao-e-todos-os-efetivos-nesta-quinta-feira-30-r-17-milhao-injetados-na-economia-local\/#primaryimage"},"image":{"@id":"https:\/\/blogdodjacirpereira.com.br\/blog\/index.php\/2026\/04\/30\/princesa-isabel-paga-educacao-e-todos-os-efetivos-nesta-quinta-feira-30-r-17-milhao-injetados-na-economia-local\/#primaryimage"},"thumbnailUrl":"https:\/\/blogdodjacirpereira.com.br\/blog\/wp-content\/uploads\/2026\/04\/26c24840-1010-4378-acae-a2d02a822907.jpeg","datePublished":"2026-04-30T22:57:50+00:00","dateModified":"2026-04-30T23:00:04+00:00","breadcrumb":{"@id":"https:\/\/blogdodjacirpereira.com.br\/blog\/index.php\/2026\/04\/30\/princesa-isabel-paga-educacao-e-todos-os-efetivos-nesta-quinta-feira-30-r-17-milhao-injetados-na-economia-local\/#breadcrumb"},"inLanguage":"pt-BR","potentialAction":[{"@type":"ReadAction","target":["https:\/\/blogdodjacirpereira.com.br\/blog\/index.php\/2026\/04\/30\/princesa-isabel-paga-educacao-e-todos-os-efetivos-nesta-quinta-feira-30-r-17-milhao-injetados-na-economia-local\/"]}]},{"@type":"ImageObject","inLanguage":"pt-BR","@id":"https:\/\/blogdodjacirpereira.com.br\/blog\/index.php\/2026\/04\/30\/princesa-isabel-paga-educacao-e-todos-os-efetivos-nesta-quinta-feira-30-r-17-milhao-injetados-na-economia-local\/#primaryimage","url":"https:\/\/blogdodjacirpereira.com.br\/blog\/wp-content\/uploads\/2026\/04\/26c24840-1010-4378-acae-a2d02a822907.jpeg","contentUrl":"https:\/\/blogdodjacirpereira.com.br\/blog\/wp-content\/uploads\/2026\/04\/26c24840-1010-4378-acae-a2d02a822907.jpeg","width":900,"height":595},{"@type":"BreadcrumbList","@id":"https:\/\/blogdodjacirpereira.com.br\/blog\/index.php\/2026\/04\/30\/princesa-isabel-paga-educacao-e-todos-os-efetivos-nesta-quinta-feira-30-r-17-milhao-injetados-na-economia-local\/#breadcrumb","itemListElement":[{"@type":"ListItem","position":1,"name":"In\u00edcio","item":"https:\/\/blogdodjacirpereira.com.br\/blog\/"},{"@type":"ListItem","position":2,"name":"PRINCESA ISABEL PAGA EDUCA\u00c7\u00c3O E TODOS OS EFETIVOS NESTA QUINTA-FEIRA (30); R$ 1,7 MILH\u00c3O INJETADOS NA ECONOMIA LOCAL"}]},{"@type":"WebSite","@id":"https:\/\/blogdodjacirpereira.com.br\/blog\/#website","url":"https:\/\/blogdodjacirpereira.com.br\/blog\/","name":"blog do Djacir Pereira","description":"","publisher":{"@id":"https:\/\/blogdodjacirpereira.com.br\/blog\/#\/schema\/person\/1b0e6c6e04fed652ddcca99f93ad336f"},"alternateName":"blog do Djacir Pereira","potentialAction":[{"@type":"SearchAction","target":{"@type":"EntryPoint","urlTemplate":"https:\/\/blogdodjacirpereira.com.br\/blog\/?s={search_term_string}"},"query-input":{"@type":"PropertyValueSpecification","valueRequired":true,"valueName":"search_term_string"}}],"inLanguage":"pt-BR"},{"@type":["Person","Organization"],"@id":"https:\/\/blogdodjacirpereira.com.br\/blog\/#\/schema\/person\/1b0e6c6e04fed652ddcca99f93ad336f","name":"Djacir Pereira","image":{"@type":"ImageObject","inLanguage":"pt-BR","@id":"https:\/\/blogdodjacirpereira.com.br\/blog\/#\/schema\/person\/image\/","url":"https:\/\/blogdodjacirpereira.com.br\/blog\/wp-content\/uploads\/2022\/05\/LOGOMARCA5.jpg","contentUrl":"https:\/\/blogdodjacirpereira.com.br\/blog\/wp-content\/uploads\/2022\/05\/LOGOMARCA5.jpg","width":945,"height":945,"caption":"Djacir Pereira"},"logo":{"@id":"https:\/\/blogdodjacirpereira.com.br\/blog\/#\/schema\/person\/image\/"},"sameAs":["https:\/\/blogdodjacirpereira.com.br\/blog\/","https:\/\/www.facebook.com\/BlogDjacirPereira","https:\/\/www.instagram.com\/djacirpereira\/","https:\/\/www.youtube.com\/c\/blogdodjacirpereira\/videos"],"url":"https:\/\/blogdodjacirpereira.com.br\/blog\/index.php\/author\/djacyr\/"}]}},"_links":{"self":[{"href":"https:\/\/blogdodjacirpereira.com.br\/blog\/index.php\/wp-json\/wp\/v2\/posts\/51950","targetHints":{"allow":["GET"]}}],"collection":[{"href":"https:\/\/blogdodjacirpereira.com.br\/blog\/index.php\/wp-json\/wp\/v2\/posts"}],"about":[{"href":"https:\/\/blogdodjacirpereira.com.br\/blog\/index.php\/wp-json\/wp\/v2\/types\/post"}],"author":[{"embeddable":true,"href":"https:\/\/blogdodjacirpereira.com.br\/blog\/index.php\/wp-json\/wp\/v2\/users\/2"}],"replies":[{"embeddable":true,"href":"https:\/\/blogdodjacirpereira.com.br\/blog\/index.php\/wp-json\/wp\/v2\/comments?post=51950"}],"version-history":[{"count":3,"href":"https:\/\/blogdodjacirpereira.com.br\/blog\/index.php\/wp-json\/wp\/v2\/posts\/51950\/revisions"}],"predecessor-version":[{"id":51953,"href":"https:\/\/blogdodjacirpereira.com.br\/blog\/index.php\/wp-json\/wp\/v2\/posts\/51950\/revisions\/51953"}],"wp:featuredmedia":[{"embeddable":true,"href":"https:\/\/blogdodjacirpereira.com.br\/blog\/index.php\/wp-json\/wp\/v2\/media\/51954"}],"wp:attachment":[{"href":"https:\/\/blogdodjacirpereira.com.br\/blog\/index.php\/wp-json\/wp\/v2\/media?parent=51950"}],"wp:term":[{"taxonomy":"category","embeddable":true,"href":"https:\/\/blogdodjacirpereira.com.br\/blog\/index.php\/wp-json\/wp\/v2\/categories?post=51950"},{"taxonomy":"post_tag","embeddable":true,"href":"https:\/\/blogdodjacirpereira.com.br\/blog\/index.php\/wp-json\/wp\/v2\/tags?post=51950"}],"curies":[{"name":"wp","href":"https:\/\/api.w.org\/{rel}","templated":true}]}}