{"id":51987,"date":"2026-05-01T06:06:54","date_gmt":"2026-05-01T09:06:54","guid":{"rendered":"https:\/\/blogdodjacirpereira.com.br\/blog\/?p=51987"},"modified":"2026-05-01T18:10:08","modified_gmt":"2026-05-01T21:10:08","slug":"policia-civil-prende-idoso-condenado-por-estupro-de-vulneravel-em-princesa-isabel","status":"publish","type":"post","link":"https:\/\/blogdodjacirpereira.com.br\/blog\/index.php\/2026\/05\/01\/policia-civil-prende-idoso-condenado-por-estupro-de-vulneravel-em-princesa-isabel\/","title":{"rendered":"Pol\u00edcia Civil prende idoso condenado por estupro de vulner\u00e1vel em Princesa Isabel"},"content":{"rendered":"<p><span style=\"font-size: 18pt\">Um idoso de 64 anos, condenado pelo crime de estupro de vulner\u00e1vel, foi preso nesta quarta-feira (29) no munic\u00edpio de Princesa Isabel, no Sert\u00e3o paraibano.<\/span><\/p>\n<p><span style=\"font-size: 18pt\">A pris\u00e3o foi realizada por equipes do Grupo T\u00e1tico Especial (GTE) da 16\u00aa Delegacia Seccional, com apoio da Delegacia de Pol\u00edcia Civil local. A captura ocorreu ap\u00f3s dilig\u00eancias investigativas que permitiram identificar e localizar o paradeiro do sentenciado.<\/span><\/p>\n<p><span style=\"font-size: 18pt\">Segundo a Pol\u00edcia Civil, ap\u00f3s a confirma\u00e7\u00e3o da identidade do homem, foi dado cumprimento ao mandado de pris\u00e3o definitiva expedido pela Justi\u00e7a, em raz\u00e3o de condena\u00e7\u00e3o j\u00e1 transitada em julgado.<\/span><\/p>\n<p><span style=\"font-size: 18pt\">O acusado foi condenado a 22 anos de reclus\u00e3o, com base no artigo 217-A do C\u00f3digo Penal Brasileiro, que trata do crime de estupro de vulner\u00e1vel caracterizado por viol\u00eancia sexual contra pessoas em condi\u00e7\u00e3o de vulnerabilidade.<\/span><\/p>\n<p><span style=\"font-size: 18pt\">Ap\u00f3s ser detido, o homem foi conduzido \u00e0 Delegacia de Pol\u00edcia Civil de Princesa Isabel, onde foram realizados os procedimentos legais.<\/span><\/p>\n<p><span style=\"font-size: 18pt\">Ele permanece \u00e0 disposi\u00e7\u00e3o do Poder Judici\u00e1rio e dever\u00e1 ser encaminhado ao sistema prisional para o cumprimento da pena.<\/span><\/p>\n<p><span style=\"font-size: 18pt\">A Pol\u00edcia Civil n\u00e3o divulgou detalhes sobre o caso, mas ressaltou que a a\u00e7\u00e3o refor\u00e7a o compromisso das for\u00e7as de seguran\u00e7a no cumprimento de decis\u00f5es judiciais e no combate a crimes graves na regi\u00e3o.<\/span><\/p>\n<p><span style=\"font-size: 18pt\">Teixeira em Foco<\/span><\/p>\n","protected":false},"excerpt":{"rendered":"<p>Um idoso de 64 anos, condenado pelo crime de estupro de vulner\u00e1vel, foi preso nesta quarta-feira (29) no munic\u00edpio de Princesa Isabel, no Sert\u00e3o paraibano. A pris\u00e3o foi realizada por equipes do Grupo T\u00e1tico Especial (GTE) da 16\u00aa Delegacia Seccional, com apoio da Delegacia de Pol\u00edcia Civil local. A captura ocorreu ap\u00f3s dilig\u00eancias investigativas que &#8230; <a title=\"Pol\u00edcia Civil prende idoso condenado por estupro de vulner\u00e1vel em Princesa Isabel\" class=\"read-more\" href=\"https:\/\/blogdodjacirpereira.com.br\/blog\/index.php\/2026\/05\/01\/policia-civil-prende-idoso-condenado-por-estupro-de-vulneravel-em-princesa-isabel\/\" aria-label=\"More on Pol\u00edcia Civil prende idoso condenado por estupro de vulner\u00e1vel em Princesa Isabel\">Leia mais<\/a><\/p>\n","protected":false},"author":2,"featured_media":51988,"comment_status":"open","ping_status":"open","sticky":false,"template":"","format":"standard","meta":{"footnotes":""},"categories":[35],"tags":[],"class_list":["post-51987","post","type-post","status-publish","format-standard","has-post-thumbnail","hentry","category-destaque"],"yoast_head":"<!-- This site is optimized with the Yoast SEO plugin v26.6 - https:\/\/yoast.com\/wordpress\/plugins\/seo\/ -->\n<title>Pol\u00edcia Civil prende idoso condenado por estupro de vulner\u00e1vel em Princesa Isabel - Blog do Djacir Pereira<\/title>\n<meta name=\"robots\" content=\"index, follow, max-snippet:-1, max-image-preview:large, max-video-preview:-1\" \/>\n<link rel=\"canonical\" href=\"https:\/\/blogdodjacirpereira.com.br\/blog\/index.php\/2026\/05\/01\/policia-civil-prende-idoso-condenado-por-estupro-de-vulneravel-em-princesa-isabel\/\" \/>\n<meta property=\"og:locale\" content=\"pt_BR\" \/>\n<meta property=\"og:type\" content=\"article\" \/>\n<meta property=\"og:title\" content=\"Pol\u00edcia Civil prende idoso condenado por estupro de vulner\u00e1vel em Princesa Isabel - Blog do Djacir Pereira\" \/>\n<meta property=\"og:description\" content=\"Um idoso de 64 anos, condenado pelo crime de estupro de vulner\u00e1vel, foi preso nesta quarta-feira (29) no munic\u00edpio de Princesa Isabel, no Sert\u00e3o paraibano. A pris\u00e3o foi realizada por equipes do Grupo T\u00e1tico Especial (GTE) da 16\u00aa Delegacia Seccional, com apoio da Delegacia de Pol\u00edcia Civil local. A captura ocorreu ap\u00f3s dilig\u00eancias investigativas que ... Leia mais\" \/>\n<meta property=\"og:url\" content=\"https:\/\/blogdodjacirpereira.com.br\/blog\/index.php\/2026\/05\/01\/policia-civil-prende-idoso-condenado-por-estupro-de-vulneravel-em-princesa-isabel\/\" \/>\n<meta property=\"og:site_name\" content=\"Blog do Djacir Pereira\" \/>\n<meta property=\"article:publisher\" content=\"https:\/\/www.facebook.com\/BlogDjacirPereira\" \/>\n<meta property=\"article:author\" content=\"https:\/\/www.facebook.com\/BlogDjacirPereira\" \/>\n<meta property=\"article:published_time\" content=\"2026-05-01T09:06:54+00:00\" \/>\n<meta property=\"article:modified_time\" content=\"2026-05-01T21:10:08+00:00\" \/>\n<meta property=\"og:image\" content=\"https:\/\/blogdodjacirpereira.com.br\/blog\/wp-content\/uploads\/2026\/05\/IMG_0616.png\" \/>\n\t<meta property=\"og:image:width\" content=\"1000\" \/>\n\t<meta property=\"og:image:height\" content=\"595\" \/>\n\t<meta property=\"og:image:type\" content=\"image\/png\" \/>\n<meta name=\"author\" content=\"Djacir Pereira\" \/>\n<meta name=\"twitter:card\" content=\"summary_large_image\" \/>\n<meta name=\"twitter:label1\" content=\"Escrito por\" \/>\n\t<meta name=\"twitter:data1\" content=\"Djacir Pereira\" \/>\n\t<meta name=\"twitter:label2\" content=\"Est. tempo de leitura\" \/>\n\t<meta name=\"twitter:data2\" content=\"2 minutos\" \/>\n<script type=\"application\/ld+json\" class=\"yoast-schema-graph\">{\"@context\":\"https:\/\/schema.org\",\"@graph\":[{\"@type\":\"Article\",\"@id\":\"https:\/\/blogdodjacirpereira.com.br\/blog\/index.php\/2026\/05\/01\/policia-civil-prende-idoso-condenado-por-estupro-de-vulneravel-em-princesa-isabel\/#article\",\"isPartOf\":{\"@id\":\"https:\/\/blogdodjacirpereira.com.br\/blog\/index.php\/2026\/05\/01\/policia-civil-prende-idoso-condenado-por-estupro-de-vulneravel-em-princesa-isabel\/\"},\"author\":{\"name\":\"Djacir Pereira\",\"@id\":\"https:\/\/blogdodjacirpereira.com.br\/blog\/#\/schema\/person\/1b0e6c6e04fed652ddcca99f93ad336f\"},\"headline\":\"Pol\u00edcia Civil prende idoso condenado por estupro de vulner\u00e1vel em Princesa Isabel\",\"datePublished\":\"2026-05-01T09:06:54+00:00\",\"dateModified\":\"2026-05-01T21:10:08+00:00\",\"mainEntityOfPage\":{\"@id\":\"https:\/\/blogdodjacirpereira.com.br\/blog\/index.php\/2026\/05\/01\/policia-civil-prende-idoso-condenado-por-estupro-de-vulneravel-em-princesa-isabel\/\"},\"wordCount\":246,\"commentCount\":0,\"publisher\":{\"@id\":\"https:\/\/blogdodjacirpereira.com.br\/blog\/#\/schema\/person\/1b0e6c6e04fed652ddcca99f93ad336f\"},\"image\":{\"@id\":\"https:\/\/blogdodjacirpereira.com.br\/blog\/index.php\/2026\/05\/01\/policia-civil-prende-idoso-condenado-por-estupro-de-vulneravel-em-princesa-isabel\/#primaryimage\"},\"thumbnailUrl\":\"https:\/\/blogdodjacirpereira.com.br\/blog\/wp-content\/uploads\/2026\/05\/IMG_0616.png\",\"articleSection\":[\"Destaque\"],\"inLanguage\":\"pt-BR\",\"potentialAction\":[{\"@type\":\"CommentAction\",\"name\":\"Comment\",\"target\":[\"https:\/\/blogdodjacirpereira.com.br\/blog\/index.php\/2026\/05\/01\/policia-civil-prende-idoso-condenado-por-estupro-de-vulneravel-em-princesa-isabel\/#respond\"]}]},{\"@type\":\"WebPage\",\"@id\":\"https:\/\/blogdodjacirpereira.com.br\/blog\/index.php\/2026\/05\/01\/policia-civil-prende-idoso-condenado-por-estupro-de-vulneravel-em-princesa-isabel\/\",\"url\":\"https:\/\/blogdodjacirpereira.com.br\/blog\/index.php\/2026\/05\/01\/policia-civil-prende-idoso-condenado-por-estupro-de-vulneravel-em-princesa-isabel\/\",\"name\":\"Pol\u00edcia Civil prende idoso condenado por estupro de vulner\u00e1vel em Princesa Isabel - Blog do Djacir Pereira\",\"isPartOf\":{\"@id\":\"https:\/\/blogdodjacirpereira.com.br\/blog\/#website\"},\"primaryImageOfPage\":{\"@id\":\"https:\/\/blogdodjacirpereira.com.br\/blog\/index.php\/2026\/05\/01\/policia-civil-prende-idoso-condenado-por-estupro-de-vulneravel-em-princesa-isabel\/#primaryimage\"},\"image\":{\"@id\":\"https:\/\/blogdodjacirpereira.com.br\/blog\/index.php\/2026\/05\/01\/policia-civil-prende-idoso-condenado-por-estupro-de-vulneravel-em-princesa-isabel\/#primaryimage\"},\"thumbnailUrl\":\"https:\/\/blogdodjacirpereira.com.br\/blog\/wp-content\/uploads\/2026\/05\/IMG_0616.png\",\"datePublished\":\"2026-05-01T09:06:54+00:00\",\"dateModified\":\"2026-05-01T21:10:08+00:00\",\"breadcrumb\":{\"@id\":\"https:\/\/blogdodjacirpereira.com.br\/blog\/index.php\/2026\/05\/01\/policia-civil-prende-idoso-condenado-por-estupro-de-vulneravel-em-princesa-isabel\/#breadcrumb\"},\"inLanguage\":\"pt-BR\",\"potentialAction\":[{\"@type\":\"ReadAction\",\"target\":[\"https:\/\/blogdodjacirpereira.com.br\/blog\/index.php\/2026\/05\/01\/policia-civil-prende-idoso-condenado-por-estupro-de-vulneravel-em-princesa-isabel\/\"]}]},{\"@type\":\"ImageObject\",\"inLanguage\":\"pt-BR\",\"@id\":\"https:\/\/blogdodjacirpereira.com.br\/blog\/index.php\/2026\/05\/01\/policia-civil-prende-idoso-condenado-por-estupro-de-vulneravel-em-princesa-isabel\/#primaryimage\",\"url\":\"https:\/\/blogdodjacirpereira.com.br\/blog\/wp-content\/uploads\/2026\/05\/IMG_0616.png\",\"contentUrl\":\"https:\/\/blogdodjacirpereira.com.br\/blog\/wp-content\/uploads\/2026\/05\/IMG_0616.png\",\"width\":1000,\"height\":595},{\"@type\":\"BreadcrumbList\",\"@id\":\"https:\/\/blogdodjacirpereira.com.br\/blog\/index.php\/2026\/05\/01\/policia-civil-prende-idoso-condenado-por-estupro-de-vulneravel-em-princesa-isabel\/#breadcrumb\",\"itemListElement\":[{\"@type\":\"ListItem\",\"position\":1,\"name\":\"In\u00edcio\",\"item\":\"https:\/\/blogdodjacirpereira.com.br\/blog\/\"},{\"@type\":\"ListItem\",\"position\":2,\"name\":\"Pol\u00edcia Civil prende idoso condenado por estupro de vulner\u00e1vel em Princesa Isabel\"}]},{\"@type\":\"WebSite\",\"@id\":\"https:\/\/blogdodjacirpereira.com.br\/blog\/#website\",\"url\":\"https:\/\/blogdodjacirpereira.com.br\/blog\/\",\"name\":\"blog do Djacir Pereira\",\"description\":\"\",\"publisher\":{\"@id\":\"https:\/\/blogdodjacirpereira.com.br\/blog\/#\/schema\/person\/1b0e6c6e04fed652ddcca99f93ad336f\"},\"alternateName\":\"blog do Djacir Pereira\",\"potentialAction\":[{\"@type\":\"SearchAction\",\"target\":{\"@type\":\"EntryPoint\",\"urlTemplate\":\"https:\/\/blogdodjacirpereira.com.br\/blog\/?s={search_term_string}\"},\"query-input\":{\"@type\":\"PropertyValueSpecification\",\"valueRequired\":true,\"valueName\":\"search_term_string\"}}],\"inLanguage\":\"pt-BR\"},{\"@type\":[\"Person\",\"Organization\"],\"@id\":\"https:\/\/blogdodjacirpereira.com.br\/blog\/#\/schema\/person\/1b0e6c6e04fed652ddcca99f93ad336f\",\"name\":\"Djacir Pereira\",\"image\":{\"@type\":\"ImageObject\",\"inLanguage\":\"pt-BR\",\"@id\":\"https:\/\/blogdodjacirpereira.com.br\/blog\/#\/schema\/person\/image\/\",\"url\":\"https:\/\/blogdodjacirpereira.com.br\/blog\/wp-content\/uploads\/2022\/05\/LOGOMARCA5.jpg\",\"contentUrl\":\"https:\/\/blogdodjacirpereira.com.br\/blog\/wp-content\/uploads\/2022\/05\/LOGOMARCA5.jpg\",\"width\":945,\"height\":945,\"caption\":\"Djacir Pereira\"},\"logo\":{\"@id\":\"https:\/\/blogdodjacirpereira.com.br\/blog\/#\/schema\/person\/image\/\"},\"sameAs\":[\"https:\/\/blogdodjacirpereira.com.br\/blog\/\",\"https:\/\/www.facebook.com\/BlogDjacirPereira\",\"https:\/\/www.instagram.com\/djacirpereira\/\",\"https:\/\/www.youtube.com\/c\/blogdodjacirpereira\/videos\"],\"url\":\"https:\/\/blogdodjacirpereira.com.br\/blog\/index.php\/author\/djacyr\/\"}]}<\/script>\n<!-- \/ Yoast SEO plugin. -->","yoast_head_json":{"title":"Pol\u00edcia Civil prende idoso condenado por estupro de vulner\u00e1vel em Princesa Isabel - Blog do Djacir Pereira","robots":{"index":"index","follow":"follow","max-snippet":"max-snippet:-1","max-image-preview":"max-image-preview:large","max-video-preview":"max-video-preview:-1"},"canonical":"https:\/\/blogdodjacirpereira.com.br\/blog\/index.php\/2026\/05\/01\/policia-civil-prende-idoso-condenado-por-estupro-de-vulneravel-em-princesa-isabel\/","og_locale":"pt_BR","og_type":"article","og_title":"Pol\u00edcia Civil prende idoso condenado por estupro de vulner\u00e1vel em Princesa Isabel - Blog do Djacir Pereira","og_description":"Um idoso de 64 anos, condenado pelo crime de estupro de vulner\u00e1vel, foi preso nesta quarta-feira (29) no munic\u00edpio de Princesa Isabel, no Sert\u00e3o paraibano. A pris\u00e3o foi realizada por equipes do Grupo T\u00e1tico Especial (GTE) da 16\u00aa Delegacia Seccional, com apoio da Delegacia de Pol\u00edcia Civil local. A captura ocorreu ap\u00f3s dilig\u00eancias investigativas que ... Leia mais","og_url":"https:\/\/blogdodjacirpereira.com.br\/blog\/index.php\/2026\/05\/01\/policia-civil-prende-idoso-condenado-por-estupro-de-vulneravel-em-princesa-isabel\/","og_site_name":"Blog do Djacir Pereira","article_publisher":"https:\/\/www.facebook.com\/BlogDjacirPereira","article_author":"https:\/\/www.facebook.com\/BlogDjacirPereira","article_published_time":"2026-05-01T09:06:54+00:00","article_modified_time":"2026-05-01T21:10:08+00:00","og_image":[{"width":1000,"height":595,"url":"https:\/\/blogdodjacirpereira.com.br\/blog\/wp-content\/uploads\/2026\/05\/IMG_0616.png","type":"image\/png"}],"author":"Djacir Pereira","twitter_card":"summary_large_image","twitter_misc":{"Escrito por":"Djacir Pereira","Est. tempo de leitura":"2 minutos"},"schema":{"@context":"https:\/\/schema.org","@graph":[{"@type":"Article","@id":"https:\/\/blogdodjacirpereira.com.br\/blog\/index.php\/2026\/05\/01\/policia-civil-prende-idoso-condenado-por-estupro-de-vulneravel-em-princesa-isabel\/#article","isPartOf":{"@id":"https:\/\/blogdodjacirpereira.com.br\/blog\/index.php\/2026\/05\/01\/policia-civil-prende-idoso-condenado-por-estupro-de-vulneravel-em-princesa-isabel\/"},"author":{"name":"Djacir Pereira","@id":"https:\/\/blogdodjacirpereira.com.br\/blog\/#\/schema\/person\/1b0e6c6e04fed652ddcca99f93ad336f"},"headline":"Pol\u00edcia Civil prende idoso condenado por estupro de vulner\u00e1vel em Princesa Isabel","datePublished":"2026-05-01T09:06:54+00:00","dateModified":"2026-05-01T21:10:08+00:00","mainEntityOfPage":{"@id":"https:\/\/blogdodjacirpereira.com.br\/blog\/index.php\/2026\/05\/01\/policia-civil-prende-idoso-condenado-por-estupro-de-vulneravel-em-princesa-isabel\/"},"wordCount":246,"commentCount":0,"publisher":{"@id":"https:\/\/blogdodjacirpereira.com.br\/blog\/#\/schema\/person\/1b0e6c6e04fed652ddcca99f93ad336f"},"image":{"@id":"https:\/\/blogdodjacirpereira.com.br\/blog\/index.php\/2026\/05\/01\/policia-civil-prende-idoso-condenado-por-estupro-de-vulneravel-em-princesa-isabel\/#primaryimage"},"thumbnailUrl":"https:\/\/blogdodjacirpereira.com.br\/blog\/wp-content\/uploads\/2026\/05\/IMG_0616.png","articleSection":["Destaque"],"inLanguage":"pt-BR","potentialAction":[{"@type":"CommentAction","name":"Comment","target":["https:\/\/blogdodjacirpereira.com.br\/blog\/index.php\/2026\/05\/01\/policia-civil-prende-idoso-condenado-por-estupro-de-vulneravel-em-princesa-isabel\/#respond"]}]},{"@type":"WebPage","@id":"https:\/\/blogdodjacirpereira.com.br\/blog\/index.php\/2026\/05\/01\/policia-civil-prende-idoso-condenado-por-estupro-de-vulneravel-em-princesa-isabel\/","url":"https:\/\/blogdodjacirpereira.com.br\/blog\/index.php\/2026\/05\/01\/policia-civil-prende-idoso-condenado-por-estupro-de-vulneravel-em-princesa-isabel\/","name":"Pol\u00edcia Civil prende idoso condenado por estupro de vulner\u00e1vel em Princesa Isabel - Blog do Djacir Pereira","isPartOf":{"@id":"https:\/\/blogdodjacirpereira.com.br\/blog\/#website"},"primaryImageOfPage":{"@id":"https:\/\/blogdodjacirpereira.com.br\/blog\/index.php\/2026\/05\/01\/policia-civil-prende-idoso-condenado-por-estupro-de-vulneravel-em-princesa-isabel\/#primaryimage"},"image":{"@id":"https:\/\/blogdodjacirpereira.com.br\/blog\/index.php\/2026\/05\/01\/policia-civil-prende-idoso-condenado-por-estupro-de-vulneravel-em-princesa-isabel\/#primaryimage"},"thumbnailUrl":"https:\/\/blogdodjacirpereira.com.br\/blog\/wp-content\/uploads\/2026\/05\/IMG_0616.png","datePublished":"2026-05-01T09:06:54+00:00","dateModified":"2026-05-01T21:10:08+00:00","breadcrumb":{"@id":"https:\/\/blogdodjacirpereira.com.br\/blog\/index.php\/2026\/05\/01\/policia-civil-prende-idoso-condenado-por-estupro-de-vulneravel-em-princesa-isabel\/#breadcrumb"},"inLanguage":"pt-BR","potentialAction":[{"@type":"ReadAction","target":["https:\/\/blogdodjacirpereira.com.br\/blog\/index.php\/2026\/05\/01\/policia-civil-prende-idoso-condenado-por-estupro-de-vulneravel-em-princesa-isabel\/"]}]},{"@type":"ImageObject","inLanguage":"pt-BR","@id":"https:\/\/blogdodjacirpereira.com.br\/blog\/index.php\/2026\/05\/01\/policia-civil-prende-idoso-condenado-por-estupro-de-vulneravel-em-princesa-isabel\/#primaryimage","url":"https:\/\/blogdodjacirpereira.com.br\/blog\/wp-content\/uploads\/2026\/05\/IMG_0616.png","contentUrl":"https:\/\/blogdodjacirpereira.com.br\/blog\/wp-content\/uploads\/2026\/05\/IMG_0616.png","width":1000,"height":595},{"@type":"BreadcrumbList","@id":"https:\/\/blogdodjacirpereira.com.br\/blog\/index.php\/2026\/05\/01\/policia-civil-prende-idoso-condenado-por-estupro-de-vulneravel-em-princesa-isabel\/#breadcrumb","itemListElement":[{"@type":"ListItem","position":1,"name":"In\u00edcio","item":"https:\/\/blogdodjacirpereira.com.br\/blog\/"},{"@type":"ListItem","position":2,"name":"Pol\u00edcia Civil prende idoso condenado por estupro de vulner\u00e1vel em Princesa Isabel"}]},{"@type":"WebSite","@id":"https:\/\/blogdodjacirpereira.com.br\/blog\/#website","url":"https:\/\/blogdodjacirpereira.com.br\/blog\/","name":"blog do Djacir Pereira","description":"","publisher":{"@id":"https:\/\/blogdodjacirpereira.com.br\/blog\/#\/schema\/person\/1b0e6c6e04fed652ddcca99f93ad336f"},"alternateName":"blog do Djacir Pereira","potentialAction":[{"@type":"SearchAction","target":{"@type":"EntryPoint","urlTemplate":"https:\/\/blogdodjacirpereira.com.br\/blog\/?s={search_term_string}"},"query-input":{"@type":"PropertyValueSpecification","valueRequired":true,"valueName":"search_term_string"}}],"inLanguage":"pt-BR"},{"@type":["Person","Organization"],"@id":"https:\/\/blogdodjacirpereira.com.br\/blog\/#\/schema\/person\/1b0e6c6e04fed652ddcca99f93ad336f","name":"Djacir Pereira","image":{"@type":"ImageObject","inLanguage":"pt-BR","@id":"https:\/\/blogdodjacirpereira.com.br\/blog\/#\/schema\/person\/image\/","url":"https:\/\/blogdodjacirpereira.com.br\/blog\/wp-content\/uploads\/2022\/05\/LOGOMARCA5.jpg","contentUrl":"https:\/\/blogdodjacirpereira.com.br\/blog\/wp-content\/uploads\/2022\/05\/LOGOMARCA5.jpg","width":945,"height":945,"caption":"Djacir Pereira"},"logo":{"@id":"https:\/\/blogdodjacirpereira.com.br\/blog\/#\/schema\/person\/image\/"},"sameAs":["https:\/\/blogdodjacirpereira.com.br\/blog\/","https:\/\/www.facebook.com\/BlogDjacirPereira","https:\/\/www.instagram.com\/djacirpereira\/","https:\/\/www.youtube.com\/c\/blogdodjacirpereira\/videos"],"url":"https:\/\/blogdodjacirpereira.com.br\/blog\/index.php\/author\/djacyr\/"}]}},"_links":{"self":[{"href":"https:\/\/blogdodjacirpereira.com.br\/blog\/index.php\/wp-json\/wp\/v2\/posts\/51987","targetHints":{"allow":["GET"]}}],"collection":[{"href":"https:\/\/blogdodjacirpereira.com.br\/blog\/index.php\/wp-json\/wp\/v2\/posts"}],"about":[{"href":"https:\/\/blogdodjacirpereira.com.br\/blog\/index.php\/wp-json\/wp\/v2\/types\/post"}],"author":[{"embeddable":true,"href":"https:\/\/blogdodjacirpereira.com.br\/blog\/index.php\/wp-json\/wp\/v2\/users\/2"}],"replies":[{"embeddable":true,"href":"https:\/\/blogdodjacirpereira.com.br\/blog\/index.php\/wp-json\/wp\/v2\/comments?post=51987"}],"version-history":[{"count":3,"href":"https:\/\/blogdodjacirpereira.com.br\/blog\/index.php\/wp-json\/wp\/v2\/posts\/51987\/revisions"}],"predecessor-version":[{"id":51991,"href":"https:\/\/blogdodjacirpereira.com.br\/blog\/index.php\/wp-json\/wp\/v2\/posts\/51987\/revisions\/51991"}],"wp:featuredmedia":[{"embeddable":true,"href":"https:\/\/blogdodjacirpereira.com.br\/blog\/index.php\/wp-json\/wp\/v2\/media\/51988"}],"wp:attachment":[{"href":"https:\/\/blogdodjacirpereira.com.br\/blog\/index.php\/wp-json\/wp\/v2\/media?parent=51987"}],"wp:term":[{"taxonomy":"category","embeddable":true,"href":"https:\/\/blogdodjacirpereira.com.br\/blog\/index.php\/wp-json\/wp\/v2\/categories?post=51987"},{"taxonomy":"post_tag","embeddable":true,"href":"https:\/\/blogdodjacirpereira.com.br\/blog\/index.php\/wp-json\/wp\/v2\/tags?post=51987"}],"curies":[{"name":"wp","href":"https:\/\/api.w.org\/{rel}","templated":true}]}}