{"id":54359,"date":"2026-08-08T06:10:57","date_gmt":"2026-08-08T09:10:57","guid":{"rendered":"https:\/\/blogdodjacirpereira.com.br\/blog\/?p=54359"},"modified":"2026-08-08T17:13:41","modified_gmt":"2026-08-08T20:13:41","slug":"semana-de-partos-e-pequenas-cirurgias-no-hospital-regional-de-princesa-isabel","status":"publish","type":"post","link":"https:\/\/blogdodjacirpereira.com.br\/blog\/index.php\/2026\/08\/08\/semana-de-partos-e-pequenas-cirurgias-no-hospital-regional-de-princesa-isabel\/","title":{"rendered":"Semana de partos e pequenas cirurgias no Hospital Regional de Princesa Isabel"},"content":{"rendered":"<p><span style=\"font-size: 18pt\">A semana foi marcada pela realiza\u00e7\u00e3o de partos e pequenas cirurgias no Hospital Regional Deputado Jos\u00e9 Pereira Lima <\/span><span style=\"font-size: 18pt\">(HRPI), reafirmando o compromisso da unidade com uma assist\u00eancia humanizada, segura e de qualidade.<\/span><\/p>\n<p><span style=\"font-size: 18pt\">Com uma equipe dedicada e estrutura preparada, o HRPI segue fortalecendo a sa\u00fade p\u00fablica e garantindo atendimento \u00e0 popula\u00e7\u00e3o de Princesa Isabel e de toda a regi\u00e3o da Serra do Teixeira.<\/span><\/p>\n<p><span style=\"font-size: 18pt\">Secom<\/span><\/p>\n","protected":false},"excerpt":{"rendered":"<p>A semana foi marcada pela realiza\u00e7\u00e3o de partos e pequenas cirurgias no Hospital Regional Deputado Jos\u00e9 Pereira Lima (HRPI), reafirmando o compromisso da unidade com uma assist\u00eancia humanizada, segura e de qualidade. Com uma equipe dedicada e estrutura preparada, o HRPI segue fortalecendo a sa\u00fade p\u00fablica e garantindo atendimento \u00e0 popula\u00e7\u00e3o de Princesa Isabel e &#8230; <a title=\"Semana de partos e pequenas cirurgias no Hospital Regional de Princesa Isabel\" class=\"read-more\" href=\"https:\/\/blogdodjacirpereira.com.br\/blog\/index.php\/2026\/08\/08\/semana-de-partos-e-pequenas-cirurgias-no-hospital-regional-de-princesa-isabel\/\" aria-label=\"More on Semana de partos e pequenas cirurgias no Hospital Regional de Princesa Isabel\">Leia mais<\/a><\/p>\n","protected":false},"author":2,"featured_media":54360,"comment_status":"open","ping_status":"open","sticky":false,"template":"","format":"standard","meta":{"footnotes":""},"categories":[1],"tags":[],"class_list":["post-54359","post","type-post","status-publish","format-standard","has-post-thumbnail","hentry","category-sem-categoria"],"yoast_head":"<!-- This site is optimized with the Yoast SEO plugin v26.6 - https:\/\/yoast.com\/wordpress\/plugins\/seo\/ -->\n<title>Semana de partos e pequenas cirurgias no Hospital Regional de Princesa Isabel - Blog do Djacir Pereira<\/title>\n<meta name=\"robots\" content=\"index, follow, max-snippet:-1, max-image-preview:large, max-video-preview:-1\" \/>\n<link rel=\"canonical\" href=\"https:\/\/blogdodjacirpereira.com.br\/blog\/index.php\/2026\/08\/08\/semana-de-partos-e-pequenas-cirurgias-no-hospital-regional-de-princesa-isabel\/\" \/>\n<meta property=\"og:locale\" content=\"pt_BR\" \/>\n<meta property=\"og:type\" content=\"article\" \/>\n<meta property=\"og:title\" content=\"Semana de partos e pequenas cirurgias no Hospital Regional de Princesa Isabel - Blog do Djacir Pereira\" \/>\n<meta property=\"og:description\" content=\"A semana foi marcada pela realiza\u00e7\u00e3o de partos e pequenas cirurgias no Hospital Regional Deputado Jos\u00e9 Pereira Lima (HRPI), reafirmando o compromisso da unidade com uma assist\u00eancia humanizada, segura e de qualidade. Com uma equipe dedicada e estrutura preparada, o HRPI segue fortalecendo a sa\u00fade p\u00fablica e garantindo atendimento \u00e0 popula\u00e7\u00e3o de Princesa Isabel e ... Leia mais\" \/>\n<meta property=\"og:url\" content=\"https:\/\/blogdodjacirpereira.com.br\/blog\/index.php\/2026\/08\/08\/semana-de-partos-e-pequenas-cirurgias-no-hospital-regional-de-princesa-isabel\/\" \/>\n<meta property=\"og:site_name\" content=\"Blog do Djacir Pereira\" \/>\n<meta property=\"article:publisher\" content=\"https:\/\/www.facebook.com\/BlogDjacirPereira\" \/>\n<meta property=\"article:author\" content=\"https:\/\/www.facebook.com\/BlogDjacirPereira\" \/>\n<meta property=\"article:published_time\" content=\"2026-08-08T09:10:57+00:00\" \/>\n<meta property=\"article:modified_time\" content=\"2026-08-08T20:13:41+00:00\" \/>\n<meta property=\"og:image\" content=\"https:\/\/blogdodjacirpereira.com.br\/blog\/wp-content\/uploads\/2026\/08\/copy_45B948F1-DA19-441D-8A54-1123FA752CA1-1024x576.png\" \/>\n\t<meta property=\"og:image:width\" content=\"1024\" \/>\n\t<meta property=\"og:image:height\" content=\"576\" \/>\n\t<meta property=\"og:image:type\" content=\"image\/png\" \/>\n<meta name=\"author\" content=\"Djacir Pereira\" \/>\n<meta name=\"twitter:card\" content=\"summary_large_image\" \/>\n<meta name=\"twitter:label1\" content=\"Escrito por\" \/>\n\t<meta name=\"twitter:data1\" content=\"Djacir Pereira\" \/>\n\t<meta name=\"twitter:label2\" content=\"Est. tempo de leitura\" \/>\n\t<meta name=\"twitter:data2\" content=\"1 minuto\" \/>\n<script type=\"application\/ld+json\" class=\"yoast-schema-graph\">{\"@context\":\"https:\/\/schema.org\",\"@graph\":[{\"@type\":\"Article\",\"@id\":\"https:\/\/blogdodjacirpereira.com.br\/blog\/index.php\/2026\/08\/08\/semana-de-partos-e-pequenas-cirurgias-no-hospital-regional-de-princesa-isabel\/#article\",\"isPartOf\":{\"@id\":\"https:\/\/blogdodjacirpereira.com.br\/blog\/index.php\/2026\/08\/08\/semana-de-partos-e-pequenas-cirurgias-no-hospital-regional-de-princesa-isabel\/\"},\"author\":{\"name\":\"Djacir Pereira\",\"@id\":\"https:\/\/blogdodjacirpereira.com.br\/blog\/#\/schema\/person\/1b0e6c6e04fed652ddcca99f93ad336f\"},\"headline\":\"Semana de partos e pequenas cirurgias no Hospital Regional de Princesa Isabel\",\"datePublished\":\"2026-08-08T09:10:57+00:00\",\"dateModified\":\"2026-08-08T20:13:41+00:00\",\"mainEntityOfPage\":{\"@id\":\"https:\/\/blogdodjacirpereira.com.br\/blog\/index.php\/2026\/08\/08\/semana-de-partos-e-pequenas-cirurgias-no-hospital-regional-de-princesa-isabel\/\"},\"wordCount\":81,\"commentCount\":0,\"publisher\":{\"@id\":\"https:\/\/blogdodjacirpereira.com.br\/blog\/#\/schema\/person\/1b0e6c6e04fed652ddcca99f93ad336f\"},\"image\":{\"@id\":\"https:\/\/blogdodjacirpereira.com.br\/blog\/index.php\/2026\/08\/08\/semana-de-partos-e-pequenas-cirurgias-no-hospital-regional-de-princesa-isabel\/#primaryimage\"},\"thumbnailUrl\":\"https:\/\/blogdodjacirpereira.com.br\/blog\/wp-content\/uploads\/2026\/08\/copy_45B948F1-DA19-441D-8A54-1123FA752CA1.png\",\"inLanguage\":\"pt-BR\",\"potentialAction\":[{\"@type\":\"CommentAction\",\"name\":\"Comment\",\"target\":[\"https:\/\/blogdodjacirpereira.com.br\/blog\/index.php\/2026\/08\/08\/semana-de-partos-e-pequenas-cirurgias-no-hospital-regional-de-princesa-isabel\/#respond\"]}]},{\"@type\":\"WebPage\",\"@id\":\"https:\/\/blogdodjacirpereira.com.br\/blog\/index.php\/2026\/08\/08\/semana-de-partos-e-pequenas-cirurgias-no-hospital-regional-de-princesa-isabel\/\",\"url\":\"https:\/\/blogdodjacirpereira.com.br\/blog\/index.php\/2026\/08\/08\/semana-de-partos-e-pequenas-cirurgias-no-hospital-regional-de-princesa-isabel\/\",\"name\":\"Semana de partos e pequenas cirurgias no Hospital Regional de Princesa Isabel - Blog do Djacir Pereira\",\"isPartOf\":{\"@id\":\"https:\/\/blogdodjacirpereira.com.br\/blog\/#website\"},\"primaryImageOfPage\":{\"@id\":\"https:\/\/blogdodjacirpereira.com.br\/blog\/index.php\/2026\/08\/08\/semana-de-partos-e-pequenas-cirurgias-no-hospital-regional-de-princesa-isabel\/#primaryimage\"},\"image\":{\"@id\":\"https:\/\/blogdodjacirpereira.com.br\/blog\/index.php\/2026\/08\/08\/semana-de-partos-e-pequenas-cirurgias-no-hospital-regional-de-princesa-isabel\/#primaryimage\"},\"thumbnailUrl\":\"https:\/\/blogdodjacirpereira.com.br\/blog\/wp-content\/uploads\/2026\/08\/copy_45B948F1-DA19-441D-8A54-1123FA752CA1.png\",\"datePublished\":\"2026-08-08T09:10:57+00:00\",\"dateModified\":\"2026-08-08T20:13:41+00:00\",\"breadcrumb\":{\"@id\":\"https:\/\/blogdodjacirpereira.com.br\/blog\/index.php\/2026\/08\/08\/semana-de-partos-e-pequenas-cirurgias-no-hospital-regional-de-princesa-isabel\/#breadcrumb\"},\"inLanguage\":\"pt-BR\",\"potentialAction\":[{\"@type\":\"ReadAction\",\"target\":[\"https:\/\/blogdodjacirpereira.com.br\/blog\/index.php\/2026\/08\/08\/semana-de-partos-e-pequenas-cirurgias-no-hospital-regional-de-princesa-isabel\/\"]}]},{\"@type\":\"ImageObject\",\"inLanguage\":\"pt-BR\",\"@id\":\"https:\/\/blogdodjacirpereira.com.br\/blog\/index.php\/2026\/08\/08\/semana-de-partos-e-pequenas-cirurgias-no-hospital-regional-de-princesa-isabel\/#primaryimage\",\"url\":\"https:\/\/blogdodjacirpereira.com.br\/blog\/wp-content\/uploads\/2026\/08\/copy_45B948F1-DA19-441D-8A54-1123FA752CA1.png\",\"contentUrl\":\"https:\/\/blogdodjacirpereira.com.br\/blog\/wp-content\/uploads\/2026\/08\/copy_45B948F1-DA19-441D-8A54-1123FA752CA1.png\",\"width\":1920,\"height\":1080},{\"@type\":\"BreadcrumbList\",\"@id\":\"https:\/\/blogdodjacirpereira.com.br\/blog\/index.php\/2026\/08\/08\/semana-de-partos-e-pequenas-cirurgias-no-hospital-regional-de-princesa-isabel\/#breadcrumb\",\"itemListElement\":[{\"@type\":\"ListItem\",\"position\":1,\"name\":\"In\u00edcio\",\"item\":\"https:\/\/blogdodjacirpereira.com.br\/blog\/\"},{\"@type\":\"ListItem\",\"position\":2,\"name\":\"Semana de partos e pequenas cirurgias no Hospital Regional de Princesa Isabel\"}]},{\"@type\":\"WebSite\",\"@id\":\"https:\/\/blogdodjacirpereira.com.br\/blog\/#website\",\"url\":\"https:\/\/blogdodjacirpereira.com.br\/blog\/\",\"name\":\"blog do Djacir Pereira\",\"description\":\"\",\"publisher\":{\"@id\":\"https:\/\/blogdodjacirpereira.com.br\/blog\/#\/schema\/person\/1b0e6c6e04fed652ddcca99f93ad336f\"},\"alternateName\":\"blog do Djacir Pereira\",\"potentialAction\":[{\"@type\":\"SearchAction\",\"target\":{\"@type\":\"EntryPoint\",\"urlTemplate\":\"https:\/\/blogdodjacirpereira.com.br\/blog\/?s={search_term_string}\"},\"query-input\":{\"@type\":\"PropertyValueSpecification\",\"valueRequired\":true,\"valueName\":\"search_term_string\"}}],\"inLanguage\":\"pt-BR\"},{\"@type\":[\"Person\",\"Organization\"],\"@id\":\"https:\/\/blogdodjacirpereira.com.br\/blog\/#\/schema\/person\/1b0e6c6e04fed652ddcca99f93ad336f\",\"name\":\"Djacir Pereira\",\"image\":{\"@type\":\"ImageObject\",\"inLanguage\":\"pt-BR\",\"@id\":\"https:\/\/blogdodjacirpereira.com.br\/blog\/#\/schema\/person\/image\/\",\"url\":\"https:\/\/blogdodjacirpereira.com.br\/blog\/wp-content\/uploads\/2022\/05\/LOGOMARCA5.jpg\",\"contentUrl\":\"https:\/\/blogdodjacirpereira.com.br\/blog\/wp-content\/uploads\/2022\/05\/LOGOMARCA5.jpg\",\"width\":945,\"height\":945,\"caption\":\"Djacir Pereira\"},\"logo\":{\"@id\":\"https:\/\/blogdodjacirpereira.com.br\/blog\/#\/schema\/person\/image\/\"},\"sameAs\":[\"https:\/\/blogdodjacirpereira.com.br\/blog\/\",\"https:\/\/www.facebook.com\/BlogDjacirPereira\",\"https:\/\/www.instagram.com\/djacirpereira\/\",\"https:\/\/www.youtube.com\/c\/blogdodjacirpereira\/videos\"],\"url\":\"https:\/\/blogdodjacirpereira.com.br\/blog\/index.php\/author\/djacyr\/\"}]}<\/script>\n<!-- \/ Yoast SEO plugin. -->","yoast_head_json":{"title":"Semana de partos e pequenas cirurgias no Hospital Regional de Princesa Isabel - Blog do Djacir Pereira","robots":{"index":"index","follow":"follow","max-snippet":"max-snippet:-1","max-image-preview":"max-image-preview:large","max-video-preview":"max-video-preview:-1"},"canonical":"https:\/\/blogdodjacirpereira.com.br\/blog\/index.php\/2026\/08\/08\/semana-de-partos-e-pequenas-cirurgias-no-hospital-regional-de-princesa-isabel\/","og_locale":"pt_BR","og_type":"article","og_title":"Semana de partos e pequenas cirurgias no Hospital Regional de Princesa Isabel - Blog do Djacir Pereira","og_description":"A semana foi marcada pela realiza\u00e7\u00e3o de partos e pequenas cirurgias no Hospital Regional Deputado Jos\u00e9 Pereira Lima (HRPI), reafirmando o compromisso da unidade com uma assist\u00eancia humanizada, segura e de qualidade. Com uma equipe dedicada e estrutura preparada, o HRPI segue fortalecendo a sa\u00fade p\u00fablica e garantindo atendimento \u00e0 popula\u00e7\u00e3o de Princesa Isabel e ... Leia mais","og_url":"https:\/\/blogdodjacirpereira.com.br\/blog\/index.php\/2026\/08\/08\/semana-de-partos-e-pequenas-cirurgias-no-hospital-regional-de-princesa-isabel\/","og_site_name":"Blog do Djacir Pereira","article_publisher":"https:\/\/www.facebook.com\/BlogDjacirPereira","article_author":"https:\/\/www.facebook.com\/BlogDjacirPereira","article_published_time":"2026-08-08T09:10:57+00:00","article_modified_time":"2026-08-08T20:13:41+00:00","og_image":[{"width":1024,"height":576,"url":"https:\/\/blogdodjacirpereira.com.br\/blog\/wp-content\/uploads\/2026\/08\/copy_45B948F1-DA19-441D-8A54-1123FA752CA1-1024x576.png","type":"image\/png"}],"author":"Djacir Pereira","twitter_card":"summary_large_image","twitter_misc":{"Escrito por":"Djacir Pereira","Est. tempo de leitura":"1 minuto"},"schema":{"@context":"https:\/\/schema.org","@graph":[{"@type":"Article","@id":"https:\/\/blogdodjacirpereira.com.br\/blog\/index.php\/2026\/08\/08\/semana-de-partos-e-pequenas-cirurgias-no-hospital-regional-de-princesa-isabel\/#article","isPartOf":{"@id":"https:\/\/blogdodjacirpereira.com.br\/blog\/index.php\/2026\/08\/08\/semana-de-partos-e-pequenas-cirurgias-no-hospital-regional-de-princesa-isabel\/"},"author":{"name":"Djacir Pereira","@id":"https:\/\/blogdodjacirpereira.com.br\/blog\/#\/schema\/person\/1b0e6c6e04fed652ddcca99f93ad336f"},"headline":"Semana de partos e pequenas cirurgias no Hospital Regional de Princesa Isabel","datePublished":"2026-08-08T09:10:57+00:00","dateModified":"2026-08-08T20:13:41+00:00","mainEntityOfPage":{"@id":"https:\/\/blogdodjacirpereira.com.br\/blog\/index.php\/2026\/08\/08\/semana-de-partos-e-pequenas-cirurgias-no-hospital-regional-de-princesa-isabel\/"},"wordCount":81,"commentCount":0,"publisher":{"@id":"https:\/\/blogdodjacirpereira.com.br\/blog\/#\/schema\/person\/1b0e6c6e04fed652ddcca99f93ad336f"},"image":{"@id":"https:\/\/blogdodjacirpereira.com.br\/blog\/index.php\/2026\/08\/08\/semana-de-partos-e-pequenas-cirurgias-no-hospital-regional-de-princesa-isabel\/#primaryimage"},"thumbnailUrl":"https:\/\/blogdodjacirpereira.com.br\/blog\/wp-content\/uploads\/2026\/08\/copy_45B948F1-DA19-441D-8A54-1123FA752CA1.png","inLanguage":"pt-BR","potentialAction":[{"@type":"CommentAction","name":"Comment","target":["https:\/\/blogdodjacirpereira.com.br\/blog\/index.php\/2026\/08\/08\/semana-de-partos-e-pequenas-cirurgias-no-hospital-regional-de-princesa-isabel\/#respond"]}]},{"@type":"WebPage","@id":"https:\/\/blogdodjacirpereira.com.br\/blog\/index.php\/2026\/08\/08\/semana-de-partos-e-pequenas-cirurgias-no-hospital-regional-de-princesa-isabel\/","url":"https:\/\/blogdodjacirpereira.com.br\/blog\/index.php\/2026\/08\/08\/semana-de-partos-e-pequenas-cirurgias-no-hospital-regional-de-princesa-isabel\/","name":"Semana de partos e pequenas cirurgias no Hospital Regional de Princesa Isabel - Blog do Djacir Pereira","isPartOf":{"@id":"https:\/\/blogdodjacirpereira.com.br\/blog\/#website"},"primaryImageOfPage":{"@id":"https:\/\/blogdodjacirpereira.com.br\/blog\/index.php\/2026\/08\/08\/semana-de-partos-e-pequenas-cirurgias-no-hospital-regional-de-princesa-isabel\/#primaryimage"},"image":{"@id":"https:\/\/blogdodjacirpereira.com.br\/blog\/index.php\/2026\/08\/08\/semana-de-partos-e-pequenas-cirurgias-no-hospital-regional-de-princesa-isabel\/#primaryimage"},"thumbnailUrl":"https:\/\/blogdodjacirpereira.com.br\/blog\/wp-content\/uploads\/2026\/08\/copy_45B948F1-DA19-441D-8A54-1123FA752CA1.png","datePublished":"2026-08-08T09:10:57+00:00","dateModified":"2026-08-08T20:13:41+00:00","breadcrumb":{"@id":"https:\/\/blogdodjacirpereira.com.br\/blog\/index.php\/2026\/08\/08\/semana-de-partos-e-pequenas-cirurgias-no-hospital-regional-de-princesa-isabel\/#breadcrumb"},"inLanguage":"pt-BR","potentialAction":[{"@type":"ReadAction","target":["https:\/\/blogdodjacirpereira.com.br\/blog\/index.php\/2026\/08\/08\/semana-de-partos-e-pequenas-cirurgias-no-hospital-regional-de-princesa-isabel\/"]}]},{"@type":"ImageObject","inLanguage":"pt-BR","@id":"https:\/\/blogdodjacirpereira.com.br\/blog\/index.php\/2026\/08\/08\/semana-de-partos-e-pequenas-cirurgias-no-hospital-regional-de-princesa-isabel\/#primaryimage","url":"https:\/\/blogdodjacirpereira.com.br\/blog\/wp-content\/uploads\/2026\/08\/copy_45B948F1-DA19-441D-8A54-1123FA752CA1.png","contentUrl":"https:\/\/blogdodjacirpereira.com.br\/blog\/wp-content\/uploads\/2026\/08\/copy_45B948F1-DA19-441D-8A54-1123FA752CA1.png","width":1920,"height":1080},{"@type":"BreadcrumbList","@id":"https:\/\/blogdodjacirpereira.com.br\/blog\/index.php\/2026\/08\/08\/semana-de-partos-e-pequenas-cirurgias-no-hospital-regional-de-princesa-isabel\/#breadcrumb","itemListElement":[{"@type":"ListItem","position":1,"name":"In\u00edcio","item":"https:\/\/blogdodjacirpereira.com.br\/blog\/"},{"@type":"ListItem","position":2,"name":"Semana de partos e pequenas cirurgias no Hospital Regional de Princesa Isabel"}]},{"@type":"WebSite","@id":"https:\/\/blogdodjacirpereira.com.br\/blog\/#website","url":"https:\/\/blogdodjacirpereira.com.br\/blog\/","name":"blog do Djacir Pereira","description":"","publisher":{"@id":"https:\/\/blogdodjacirpereira.com.br\/blog\/#\/schema\/person\/1b0e6c6e04fed652ddcca99f93ad336f"},"alternateName":"blog do Djacir Pereira","potentialAction":[{"@type":"SearchAction","target":{"@type":"EntryPoint","urlTemplate":"https:\/\/blogdodjacirpereira.com.br\/blog\/?s={search_term_string}"},"query-input":{"@type":"PropertyValueSpecification","valueRequired":true,"valueName":"search_term_string"}}],"inLanguage":"pt-BR"},{"@type":["Person","Organization"],"@id":"https:\/\/blogdodjacirpereira.com.br\/blog\/#\/schema\/person\/1b0e6c6e04fed652ddcca99f93ad336f","name":"Djacir Pereira","image":{"@type":"ImageObject","inLanguage":"pt-BR","@id":"https:\/\/blogdodjacirpereira.com.br\/blog\/#\/schema\/person\/image\/","url":"https:\/\/blogdodjacirpereira.com.br\/blog\/wp-content\/uploads\/2022\/05\/LOGOMARCA5.jpg","contentUrl":"https:\/\/blogdodjacirpereira.com.br\/blog\/wp-content\/uploads\/2022\/05\/LOGOMARCA5.jpg","width":945,"height":945,"caption":"Djacir Pereira"},"logo":{"@id":"https:\/\/blogdodjacirpereira.com.br\/blog\/#\/schema\/person\/image\/"},"sameAs":["https:\/\/blogdodjacirpereira.com.br\/blog\/","https:\/\/www.facebook.com\/BlogDjacirPereira","https:\/\/www.instagram.com\/djacirpereira\/","https:\/\/www.youtube.com\/c\/blogdodjacirpereira\/videos"],"url":"https:\/\/blogdodjacirpereira.com.br\/blog\/index.php\/author\/djacyr\/"}]}},"_links":{"self":[{"href":"https:\/\/blogdodjacirpereira.com.br\/blog\/index.php\/wp-json\/wp\/v2\/posts\/54359","targetHints":{"allow":["GET"]}}],"collection":[{"href":"https:\/\/blogdodjacirpereira.com.br\/blog\/index.php\/wp-json\/wp\/v2\/posts"}],"about":[{"href":"https:\/\/blogdodjacirpereira.com.br\/blog\/index.php\/wp-json\/wp\/v2\/types\/post"}],"author":[{"embeddable":true,"href":"https:\/\/blogdodjacirpereira.com.br\/blog\/index.php\/wp-json\/wp\/v2\/users\/2"}],"replies":[{"embeddable":true,"href":"https:\/\/blogdodjacirpereira.com.br\/blog\/index.php\/wp-json\/wp\/v2\/comments?post=54359"}],"version-history":[{"count":3,"href":"https:\/\/blogdodjacirpereira.com.br\/blog\/index.php\/wp-json\/wp\/v2\/posts\/54359\/revisions"}],"predecessor-version":[{"id":54363,"href":"https:\/\/blogdodjacirpereira.com.br\/blog\/index.php\/wp-json\/wp\/v2\/posts\/54359\/revisions\/54363"}],"wp:featuredmedia":[{"embeddable":true,"href":"https:\/\/blogdodjacirpereira.com.br\/blog\/index.php\/wp-json\/wp\/v2\/media\/54360"}],"wp:attachment":[{"href":"https:\/\/blogdodjacirpereira.com.br\/blog\/index.php\/wp-json\/wp\/v2\/media?parent=54359"}],"wp:term":[{"taxonomy":"category","embeddable":true,"href":"https:\/\/blogdodjacirpereira.com.br\/blog\/index.php\/wp-json\/wp\/v2\/categories?post=54359"},{"taxonomy":"post_tag","embeddable":true,"href":"https:\/\/blogdodjacirpereira.com.br\/blog\/index.php\/wp-json\/wp\/v2\/tags?post=54359"}],"curies":[{"name":"wp","href":"https:\/\/api.w.org\/{rel}","templated":true}]}}