{"id":54558,"date":"2026-08-13T14:15:31","date_gmt":"2026-08-13T17:15:31","guid":{"rendered":"https:\/\/blogdodjacirpereira.com.br\/blog\/?p=54558"},"modified":"2026-08-13T22:21:20","modified_gmt":"2026-08-14T01:21:20","slug":"meningite-preocupa-na-pb-estado-confirma-38-casos-e-registra-11-mortes-em-2026","status":"publish","type":"post","link":"https:\/\/blogdodjacirpereira.com.br\/blog\/index.php\/2026\/08\/13\/meningite-preocupa-na-pb-estado-confirma-38-casos-e-registra-11-mortes-em-2026\/","title":{"rendered":"Meningite preocupa na PB: Estado confirma 38 casos e registra 11 mortes em 2026"},"content":{"rendered":"<p><span style=\"font-size: 18pt\">A meningite preocupa na Para\u00edba ap\u00f3s o Estado registrar 156 casos suspeitos da doen\u00e7a em 2026. Desse total, 38 foram confirmados e 11 pacientes morreram em decorr\u00eancia da doen\u00e7a, segundo dados da Secretaria de Estado da Sa\u00fade (SES-PB).<\/span><\/p>\n<div>\n<div>\n<div data-columns=\"1\">\n<article id=\"post-965835\">\n<div>\n<div>\n<header>\n<h5><\/h5>\n<\/header>\n<\/div>\n<\/div>\n<\/article>\n<\/div>\n<\/div>\n<\/div>\n<p><span style=\"font-size: 18pt\">A meningite \u00e9 uma infec\u00e7\u00e3o que atinge as meninges, membranas que protegem o c\u00e9rebro e a medula espinhal. A doen\u00e7a pode ser causada por v\u00edrus, bact\u00e9rias, fungos, parasitas ou fatores n\u00e3o infecciosos e, principalmente nas formas bacterianas, pode evoluir rapidamente e provocar complica\u00e7\u00f5es graves.<\/span><\/p>\n<p><span style=\"font-size: 18pt\">A chefe do N\u00facleo de Imuniza\u00e7\u00f5es da SES-PB, M\u00e1rcia Fernandes, refor\u00e7ou que a vacina\u00e7\u00e3o \u00e9 uma das principais estrat\u00e9gias para prevenir as formas bacterianas da doen\u00e7a. Segundo ela, o Sistema \u00danico de Sa\u00fade (SUS) disponibiliza gratuitamente vacinas que protegem contra diferentes agentes causadores de meningite.<\/span><\/p>\n<p><span style=\"font-size: 18pt\">Entre os imunizantes dispon\u00edveis est\u00e3o as vacinas meningoc\u00f3cica C e meningoc\u00f3cica ACWY, al\u00e9m das vacinas pneumoc\u00f3cica 20, pentavalente e BCG, que tamb\u00e9m oferecem prote\u00e7\u00e3o contra agentes capazes de provocar diferentes tipos de meningite.<\/span><\/p>\n<p><span style=\"font-size: 18pt\">\u201cA vacina\u00e7\u00e3o continua sendo uma das principais estrat\u00e9gias de preven\u00e7\u00e3o. Temos vacinas dispon\u00edveis gratuitamente pelo SUS que protegem contra diferentes bact\u00e9rias capazes de causar meningite\u201d, explicou M\u00e1rcia Fernandes.<\/span><\/p>\n<p><span style=\"font-size: 18pt\">A vacina meningoc\u00f3cica C faz parte do calend\u00e1rio de vacina\u00e7\u00e3o infantil, enquanto a meningoc\u00f3cica ACWY \u00e9 disponibilizada para crian\u00e7as e adolescentes conforme as faixas et\u00e1rias previstas no calend\u00e1rio nacional.<\/span><\/p>\n<p><span style=\"font-size: 18pt\">A vacina pneumoc\u00f3cica 20 protege contra doen\u00e7as invasivas provocadas pelo pneumococo, incluindo a meningite. J\u00e1 a pentavalente oferece prote\u00e7\u00e3o contra o Haemophilus influenzaetipo b, uma bact\u00e9ria que pode causar meningite, principalmente em crian\u00e7as. A BCG protege contra formas graves da tuberculose, incluindo a meningite tuberculosa.<\/span><\/p>\n<h3 id=\"orientacao-para-pais-e-responsaveis\"><span style=\"font-size: 18pt\">Orienta\u00e7\u00e3o para pais e respons\u00e1veis<\/span><\/h3>\n<p><span style=\"font-size: 18pt\">A Secretaria de Estado da Sa\u00fade orienta que pais e respons\u00e1veis verifiquem regularmente o cart\u00e3o de vacina\u00e7\u00e3o de crian\u00e7as e adolescentes e procurem uma unidade de sa\u00fade caso existam doses em atraso.<\/span><\/p>\n<p><span style=\"font-size: 18pt\">\u201c\u00c9 importante que os pais e os respons\u00e1veis levem sua crian\u00e7a, seu adolescente, at\u00e9 uma unidade de sa\u00fade para verificar a situa\u00e7\u00e3o vacinal, se existe alguma vacina em atraso\u201d, refor\u00e7ou a chefe do N\u00facleo de Imuniza\u00e7\u00f5es.<\/span><\/p>\n<p><span style=\"font-size: 18pt\">A atualiza\u00e7\u00e3o da vacina\u00e7\u00e3o \u00e9 considerada uma das principais medidas para reduzir o risco de doen\u00e7as graves e evitar a circula\u00e7\u00e3o de agentes que podem provocar meningite.<\/span><\/p>\n<h3 id=\"crianca-morreu-em-campina-grande\"><span style=\"font-size: 18pt\">Crian\u00e7a morreu em Campina Grande<\/span><\/h3>\n<p><span style=\"font-size: 18pt\">Um caso recente chamou aten\u00e7\u00e3o em Campina Grande. No domingo (9), uma menina de tr\u00eas anos morreu ap\u00f3s permanecer internada no Hospital de Emerg\u00eancia e Trauma desde o dia 4 de agosto.<\/span><\/p>\n<p><span style=\"font-size: 18pt\">A crian\u00e7a apresentava sintomas compat\u00edveis com meningite, al\u00e9m de inflama\u00e7\u00e3o no ouvido e outras comorbidades. O caso foi registrado como suspeita de meningite, mas a causa da morte ainda aguardava confirma\u00e7\u00e3o laboratorial.<\/span><\/p>\n<p><span style=\"font-size: 18pt\">Segundo informa\u00e7\u00f5es do hospital, a menina recebeu o tratamento indicado para casos suspeitos de meningite, mas n\u00e3o resistiu.<\/span><\/p>\n<h3 id=\"sintomas-exigem-atencao\"><span style=\"font-size: 18pt\">Sintomas exigem aten\u00e7\u00e3o<\/span><\/h3>\n<p><span style=\"font-size: 18pt\">Os principais sintomas da meningite incluem febre, dor de cabe\u00e7a intensa e v\u00f4mitos. Em casos mais graves, podem aparecer manchas na pele, al\u00e9m de outros sinais de agravamento.<\/span><\/p>\n<p><span style=\"font-size: 18pt\">As meningites bacterianas est\u00e3o entre as formas mais graves da doen\u00e7a. A meningoc\u00f3cica, provocada pela bact\u00e9ria Neisseria meningitidis, pode evoluir rapidamente e causar complica\u00e7\u00f5es graves ou morte quando n\u00e3o h\u00e1 diagn\u00f3stico e tratamento adequados.<\/span><\/p>\n<p><span style=\"font-size: 18pt\">Al\u00e9m do meningococo, outras bact\u00e9rias podem provocar a doen\u00e7a, como o Streptococcus pneumoniae, conhecido como pneumococo, o Haemophilus influenzae tipo b e o Mycobacterium tuberculosis, respons\u00e1vel pela tuberculose.<\/span><\/p>\n<h3 id=\"dados-da-paraiba\"><span style=\"font-size: 18pt\">Dados da Para\u00edba<\/span><\/h3>\n<p><span style=\"font-size: 18pt\">De acordo com o levantamento da Secretaria de Estado da Sa\u00fade, al\u00e9m dos 38 casos confirmados e das 11 mortes por meningite, foram registrados:<\/span><\/p>\n<ul>\n<li><span style=\"font-size: 18pt\">17 altas ap\u00f3s interna\u00e7\u00f5es;<\/span><\/li>\n<li><span style=\"font-size: 18pt\">2 \u00f3bitos por outras causas;<\/span><\/li>\n<li><span style=\"font-size: 18pt\">8 casos com evolu\u00e7\u00e3o ignorada ou sem informa\u00e7\u00e3o registrada.<\/span><\/li>\n<\/ul>\n<p><span style=\"font-size: 18pt\">A meningite pode apresentar diferentes formas. A viral costuma ser menos grave e, em muitos casos, apresenta evolu\u00e7\u00e3o favor\u00e1vel. J\u00e1 a bacteriana pode evoluir rapidamente e exige atendimento m\u00e9dico e tratamento hospitalar.<\/span><\/p>\n<p><span style=\"font-size: 18pt\">A vacina\u00e7\u00e3o, o acompanhamento do calend\u00e1rio de imuniza\u00e7\u00e3o e a busca r\u00e1pida por atendimento diante de sintomas suspeitos s\u00e3o medidas fundamentais para reduzir os riscos associados \u00e0 doen\u00e7a.<\/span><\/p>\n<p><span style=\"font-size: 18pt\">Reda\u00e7\u00e3o com PB Agora<\/span><\/p>\n","protected":false},"excerpt":{"rendered":"<p>A meningite preocupa na Para\u00edba ap\u00f3s o Estado registrar 156 casos suspeitos da doen\u00e7a em 2026. Desse total, 38 foram confirmados e 11 pacientes morreram em decorr\u00eancia da doen\u00e7a, segundo dados da Secretaria de Estado da Sa\u00fade (SES-PB). A meningite \u00e9 uma infec\u00e7\u00e3o que atinge as meninges, membranas que protegem o c\u00e9rebro e a medula &#8230; <a title=\"Meningite preocupa na PB: Estado confirma 38 casos e registra 11 mortes em 2026\" class=\"read-more\" href=\"https:\/\/blogdodjacirpereira.com.br\/blog\/index.php\/2026\/08\/13\/meningite-preocupa-na-pb-estado-confirma-38-casos-e-registra-11-mortes-em-2026\/\" aria-label=\"More on Meningite preocupa na PB: Estado confirma 38 casos e registra 11 mortes em 2026\">Leia mais<\/a><\/p>\n","protected":false},"author":2,"featured_media":54562,"comment_status":"open","ping_status":"open","sticky":false,"template":"","format":"standard","meta":{"footnotes":""},"categories":[1],"tags":[],"class_list":["post-54558","post","type-post","status-publish","format-standard","has-post-thumbnail","hentry","category-sem-categoria"],"yoast_head":"<!-- This site is optimized with the Yoast SEO plugin v26.6 - https:\/\/yoast.com\/wordpress\/plugins\/seo\/ -->\n<title>Meningite preocupa na PB: Estado confirma 38 casos e registra 11 mortes em 2026 - Blog do Djacir Pereira<\/title>\n<meta name=\"robots\" content=\"index, follow, max-snippet:-1, max-image-preview:large, max-video-preview:-1\" \/>\n<link rel=\"canonical\" href=\"https:\/\/blogdodjacirpereira.com.br\/blog\/index.php\/2026\/08\/13\/meningite-preocupa-na-pb-estado-confirma-38-casos-e-registra-11-mortes-em-2026\/\" \/>\n<meta property=\"og:locale\" content=\"pt_BR\" \/>\n<meta property=\"og:type\" content=\"article\" \/>\n<meta property=\"og:title\" content=\"Meningite preocupa na PB: Estado confirma 38 casos e registra 11 mortes em 2026 - Blog do Djacir Pereira\" \/>\n<meta property=\"og:description\" content=\"A meningite preocupa na Para\u00edba ap\u00f3s o Estado registrar 156 casos suspeitos da doen\u00e7a em 2026. Desse total, 38 foram confirmados e 11 pacientes morreram em decorr\u00eancia da doen\u00e7a, segundo dados da Secretaria de Estado da Sa\u00fade (SES-PB). A meningite \u00e9 uma infec\u00e7\u00e3o que atinge as meninges, membranas que protegem o c\u00e9rebro e a medula ... Leia mais\" \/>\n<meta property=\"og:url\" content=\"https:\/\/blogdodjacirpereira.com.br\/blog\/index.php\/2026\/08\/13\/meningite-preocupa-na-pb-estado-confirma-38-casos-e-registra-11-mortes-em-2026\/\" \/>\n<meta property=\"og:site_name\" content=\"Blog do Djacir Pereira\" \/>\n<meta property=\"article:publisher\" content=\"https:\/\/www.facebook.com\/BlogDjacirPereira\" \/>\n<meta property=\"article:author\" content=\"https:\/\/www.facebook.com\/BlogDjacirPereira\" \/>\n<meta property=\"article:published_time\" content=\"2026-08-13T17:15:31+00:00\" \/>\n<meta property=\"article:modified_time\" content=\"2026-08-14T01:21:20+00:00\" \/>\n<meta property=\"og:image\" content=\"https:\/\/blogdodjacirpereira.com.br\/blog\/wp-content\/uploads\/2026\/08\/IMG_4733.png\" \/>\n\t<meta property=\"og:image:width\" content=\"353\" \/>\n\t<meta property=\"og:image:height\" content=\"220\" \/>\n\t<meta property=\"og:image:type\" content=\"image\/png\" \/>\n<meta name=\"author\" content=\"Djacir Pereira\" \/>\n<meta name=\"twitter:card\" content=\"summary_large_image\" \/>\n<meta name=\"twitter:label1\" content=\"Escrito por\" \/>\n\t<meta name=\"twitter:data1\" content=\"Djacir Pereira\" \/>\n\t<meta name=\"twitter:label2\" content=\"Est. tempo de leitura\" \/>\n\t<meta name=\"twitter:data2\" content=\"4 minutos\" \/>\n<script type=\"application\/ld+json\" class=\"yoast-schema-graph\">{\"@context\":\"https:\/\/schema.org\",\"@graph\":[{\"@type\":\"Article\",\"@id\":\"https:\/\/blogdodjacirpereira.com.br\/blog\/index.php\/2026\/08\/13\/meningite-preocupa-na-pb-estado-confirma-38-casos-e-registra-11-mortes-em-2026\/#article\",\"isPartOf\":{\"@id\":\"https:\/\/blogdodjacirpereira.com.br\/blog\/index.php\/2026\/08\/13\/meningite-preocupa-na-pb-estado-confirma-38-casos-e-registra-11-mortes-em-2026\/\"},\"author\":{\"name\":\"Djacir Pereira\",\"@id\":\"https:\/\/blogdodjacirpereira.com.br\/blog\/#\/schema\/person\/1b0e6c6e04fed652ddcca99f93ad336f\"},\"headline\":\"Meningite preocupa na PB: Estado confirma 38 casos e registra 11 mortes em 2026\",\"datePublished\":\"2026-08-13T17:15:31+00:00\",\"dateModified\":\"2026-08-14T01:21:20+00:00\",\"mainEntityOfPage\":{\"@id\":\"https:\/\/blogdodjacirpereira.com.br\/blog\/index.php\/2026\/08\/13\/meningite-preocupa-na-pb-estado-confirma-38-casos-e-registra-11-mortes-em-2026\/\"},\"wordCount\":753,\"commentCount\":0,\"publisher\":{\"@id\":\"https:\/\/blogdodjacirpereira.com.br\/blog\/#\/schema\/person\/1b0e6c6e04fed652ddcca99f93ad336f\"},\"image\":{\"@id\":\"https:\/\/blogdodjacirpereira.com.br\/blog\/index.php\/2026\/08\/13\/meningite-preocupa-na-pb-estado-confirma-38-casos-e-registra-11-mortes-em-2026\/#primaryimage\"},\"thumbnailUrl\":\"https:\/\/blogdodjacirpereira.com.br\/blog\/wp-content\/uploads\/2026\/08\/IMG_4733.png\",\"inLanguage\":\"pt-BR\",\"potentialAction\":[{\"@type\":\"CommentAction\",\"name\":\"Comment\",\"target\":[\"https:\/\/blogdodjacirpereira.com.br\/blog\/index.php\/2026\/08\/13\/meningite-preocupa-na-pb-estado-confirma-38-casos-e-registra-11-mortes-em-2026\/#respond\"]}]},{\"@type\":\"WebPage\",\"@id\":\"https:\/\/blogdodjacirpereira.com.br\/blog\/index.php\/2026\/08\/13\/meningite-preocupa-na-pb-estado-confirma-38-casos-e-registra-11-mortes-em-2026\/\",\"url\":\"https:\/\/blogdodjacirpereira.com.br\/blog\/index.php\/2026\/08\/13\/meningite-preocupa-na-pb-estado-confirma-38-casos-e-registra-11-mortes-em-2026\/\",\"name\":\"Meningite preocupa na PB: Estado confirma 38 casos e registra 11 mortes em 2026 - Blog do Djacir Pereira\",\"isPartOf\":{\"@id\":\"https:\/\/blogdodjacirpereira.com.br\/blog\/#website\"},\"primaryImageOfPage\":{\"@id\":\"https:\/\/blogdodjacirpereira.com.br\/blog\/index.php\/2026\/08\/13\/meningite-preocupa-na-pb-estado-confirma-38-casos-e-registra-11-mortes-em-2026\/#primaryimage\"},\"image\":{\"@id\":\"https:\/\/blogdodjacirpereira.com.br\/blog\/index.php\/2026\/08\/13\/meningite-preocupa-na-pb-estado-confirma-38-casos-e-registra-11-mortes-em-2026\/#primaryimage\"},\"thumbnailUrl\":\"https:\/\/blogdodjacirpereira.com.br\/blog\/wp-content\/uploads\/2026\/08\/IMG_4733.png\",\"datePublished\":\"2026-08-13T17:15:31+00:00\",\"dateModified\":\"2026-08-14T01:21:20+00:00\",\"breadcrumb\":{\"@id\":\"https:\/\/blogdodjacirpereira.com.br\/blog\/index.php\/2026\/08\/13\/meningite-preocupa-na-pb-estado-confirma-38-casos-e-registra-11-mortes-em-2026\/#breadcrumb\"},\"inLanguage\":\"pt-BR\",\"potentialAction\":[{\"@type\":\"ReadAction\",\"target\":[\"https:\/\/blogdodjacirpereira.com.br\/blog\/index.php\/2026\/08\/13\/meningite-preocupa-na-pb-estado-confirma-38-casos-e-registra-11-mortes-em-2026\/\"]}]},{\"@type\":\"ImageObject\",\"inLanguage\":\"pt-BR\",\"@id\":\"https:\/\/blogdodjacirpereira.com.br\/blog\/index.php\/2026\/08\/13\/meningite-preocupa-na-pb-estado-confirma-38-casos-e-registra-11-mortes-em-2026\/#primaryimage\",\"url\":\"https:\/\/blogdodjacirpereira.com.br\/blog\/wp-content\/uploads\/2026\/08\/IMG_4733.png\",\"contentUrl\":\"https:\/\/blogdodjacirpereira.com.br\/blog\/wp-content\/uploads\/2026\/08\/IMG_4733.png\",\"width\":353,\"height\":220},{\"@type\":\"BreadcrumbList\",\"@id\":\"https:\/\/blogdodjacirpereira.com.br\/blog\/index.php\/2026\/08\/13\/meningite-preocupa-na-pb-estado-confirma-38-casos-e-registra-11-mortes-em-2026\/#breadcrumb\",\"itemListElement\":[{\"@type\":\"ListItem\",\"position\":1,\"name\":\"In\u00edcio\",\"item\":\"https:\/\/blogdodjacirpereira.com.br\/blog\/\"},{\"@type\":\"ListItem\",\"position\":2,\"name\":\"Meningite preocupa na PB: Estado confirma 38 casos e registra 11 mortes em 2026\"}]},{\"@type\":\"WebSite\",\"@id\":\"https:\/\/blogdodjacirpereira.com.br\/blog\/#website\",\"url\":\"https:\/\/blogdodjacirpereira.com.br\/blog\/\",\"name\":\"blog do Djacir Pereira\",\"description\":\"\",\"publisher\":{\"@id\":\"https:\/\/blogdodjacirpereira.com.br\/blog\/#\/schema\/person\/1b0e6c6e04fed652ddcca99f93ad336f\"},\"alternateName\":\"blog do Djacir Pereira\",\"potentialAction\":[{\"@type\":\"SearchAction\",\"target\":{\"@type\":\"EntryPoint\",\"urlTemplate\":\"https:\/\/blogdodjacirpereira.com.br\/blog\/?s={search_term_string}\"},\"query-input\":{\"@type\":\"PropertyValueSpecification\",\"valueRequired\":true,\"valueName\":\"search_term_string\"}}],\"inLanguage\":\"pt-BR\"},{\"@type\":[\"Person\",\"Organization\"],\"@id\":\"https:\/\/blogdodjacirpereira.com.br\/blog\/#\/schema\/person\/1b0e6c6e04fed652ddcca99f93ad336f\",\"name\":\"Djacir Pereira\",\"image\":{\"@type\":\"ImageObject\",\"inLanguage\":\"pt-BR\",\"@id\":\"https:\/\/blogdodjacirpereira.com.br\/blog\/#\/schema\/person\/image\/\",\"url\":\"https:\/\/blogdodjacirpereira.com.br\/blog\/wp-content\/uploads\/2022\/05\/LOGOMARCA5.jpg\",\"contentUrl\":\"https:\/\/blogdodjacirpereira.com.br\/blog\/wp-content\/uploads\/2022\/05\/LOGOMARCA5.jpg\",\"width\":945,\"height\":945,\"caption\":\"Djacir Pereira\"},\"logo\":{\"@id\":\"https:\/\/blogdodjacirpereira.com.br\/blog\/#\/schema\/person\/image\/\"},\"sameAs\":[\"https:\/\/blogdodjacirpereira.com.br\/blog\/\",\"https:\/\/www.facebook.com\/BlogDjacirPereira\",\"https:\/\/www.instagram.com\/djacirpereira\/\",\"https:\/\/www.youtube.com\/c\/blogdodjacirpereira\/videos\"],\"url\":\"https:\/\/blogdodjacirpereira.com.br\/blog\/index.php\/author\/djacyr\/\"}]}<\/script>\n<!-- \/ Yoast SEO plugin. -->","yoast_head_json":{"title":"Meningite preocupa na PB: Estado confirma 38 casos e registra 11 mortes em 2026 - Blog do Djacir Pereira","robots":{"index":"index","follow":"follow","max-snippet":"max-snippet:-1","max-image-preview":"max-image-preview:large","max-video-preview":"max-video-preview:-1"},"canonical":"https:\/\/blogdodjacirpereira.com.br\/blog\/index.php\/2026\/08\/13\/meningite-preocupa-na-pb-estado-confirma-38-casos-e-registra-11-mortes-em-2026\/","og_locale":"pt_BR","og_type":"article","og_title":"Meningite preocupa na PB: Estado confirma 38 casos e registra 11 mortes em 2026 - Blog do Djacir Pereira","og_description":"A meningite preocupa na Para\u00edba ap\u00f3s o Estado registrar 156 casos suspeitos da doen\u00e7a em 2026. Desse total, 38 foram confirmados e 11 pacientes morreram em decorr\u00eancia da doen\u00e7a, segundo dados da Secretaria de Estado da Sa\u00fade (SES-PB). A meningite \u00e9 uma infec\u00e7\u00e3o que atinge as meninges, membranas que protegem o c\u00e9rebro e a medula ... Leia mais","og_url":"https:\/\/blogdodjacirpereira.com.br\/blog\/index.php\/2026\/08\/13\/meningite-preocupa-na-pb-estado-confirma-38-casos-e-registra-11-mortes-em-2026\/","og_site_name":"Blog do Djacir Pereira","article_publisher":"https:\/\/www.facebook.com\/BlogDjacirPereira","article_author":"https:\/\/www.facebook.com\/BlogDjacirPereira","article_published_time":"2026-08-13T17:15:31+00:00","article_modified_time":"2026-08-14T01:21:20+00:00","og_image":[{"width":353,"height":220,"url":"https:\/\/blogdodjacirpereira.com.br\/blog\/wp-content\/uploads\/2026\/08\/IMG_4733.png","type":"image\/png"}],"author":"Djacir Pereira","twitter_card":"summary_large_image","twitter_misc":{"Escrito por":"Djacir Pereira","Est. tempo de leitura":"4 minutos"},"schema":{"@context":"https:\/\/schema.org","@graph":[{"@type":"Article","@id":"https:\/\/blogdodjacirpereira.com.br\/blog\/index.php\/2026\/08\/13\/meningite-preocupa-na-pb-estado-confirma-38-casos-e-registra-11-mortes-em-2026\/#article","isPartOf":{"@id":"https:\/\/blogdodjacirpereira.com.br\/blog\/index.php\/2026\/08\/13\/meningite-preocupa-na-pb-estado-confirma-38-casos-e-registra-11-mortes-em-2026\/"},"author":{"name":"Djacir Pereira","@id":"https:\/\/blogdodjacirpereira.com.br\/blog\/#\/schema\/person\/1b0e6c6e04fed652ddcca99f93ad336f"},"headline":"Meningite preocupa na PB: Estado confirma 38 casos e registra 11 mortes em 2026","datePublished":"2026-08-13T17:15:31+00:00","dateModified":"2026-08-14T01:21:20+00:00","mainEntityOfPage":{"@id":"https:\/\/blogdodjacirpereira.com.br\/blog\/index.php\/2026\/08\/13\/meningite-preocupa-na-pb-estado-confirma-38-casos-e-registra-11-mortes-em-2026\/"},"wordCount":753,"commentCount":0,"publisher":{"@id":"https:\/\/blogdodjacirpereira.com.br\/blog\/#\/schema\/person\/1b0e6c6e04fed652ddcca99f93ad336f"},"image":{"@id":"https:\/\/blogdodjacirpereira.com.br\/blog\/index.php\/2026\/08\/13\/meningite-preocupa-na-pb-estado-confirma-38-casos-e-registra-11-mortes-em-2026\/#primaryimage"},"thumbnailUrl":"https:\/\/blogdodjacirpereira.com.br\/blog\/wp-content\/uploads\/2026\/08\/IMG_4733.png","inLanguage":"pt-BR","potentialAction":[{"@type":"CommentAction","name":"Comment","target":["https:\/\/blogdodjacirpereira.com.br\/blog\/index.php\/2026\/08\/13\/meningite-preocupa-na-pb-estado-confirma-38-casos-e-registra-11-mortes-em-2026\/#respond"]}]},{"@type":"WebPage","@id":"https:\/\/blogdodjacirpereira.com.br\/blog\/index.php\/2026\/08\/13\/meningite-preocupa-na-pb-estado-confirma-38-casos-e-registra-11-mortes-em-2026\/","url":"https:\/\/blogdodjacirpereira.com.br\/blog\/index.php\/2026\/08\/13\/meningite-preocupa-na-pb-estado-confirma-38-casos-e-registra-11-mortes-em-2026\/","name":"Meningite preocupa na PB: Estado confirma 38 casos e registra 11 mortes em 2026 - Blog do Djacir Pereira","isPartOf":{"@id":"https:\/\/blogdodjacirpereira.com.br\/blog\/#website"},"primaryImageOfPage":{"@id":"https:\/\/blogdodjacirpereira.com.br\/blog\/index.php\/2026\/08\/13\/meningite-preocupa-na-pb-estado-confirma-38-casos-e-registra-11-mortes-em-2026\/#primaryimage"},"image":{"@id":"https:\/\/blogdodjacirpereira.com.br\/blog\/index.php\/2026\/08\/13\/meningite-preocupa-na-pb-estado-confirma-38-casos-e-registra-11-mortes-em-2026\/#primaryimage"},"thumbnailUrl":"https:\/\/blogdodjacirpereira.com.br\/blog\/wp-content\/uploads\/2026\/08\/IMG_4733.png","datePublished":"2026-08-13T17:15:31+00:00","dateModified":"2026-08-14T01:21:20+00:00","breadcrumb":{"@id":"https:\/\/blogdodjacirpereira.com.br\/blog\/index.php\/2026\/08\/13\/meningite-preocupa-na-pb-estado-confirma-38-casos-e-registra-11-mortes-em-2026\/#breadcrumb"},"inLanguage":"pt-BR","potentialAction":[{"@type":"ReadAction","target":["https:\/\/blogdodjacirpereira.com.br\/blog\/index.php\/2026\/08\/13\/meningite-preocupa-na-pb-estado-confirma-38-casos-e-registra-11-mortes-em-2026\/"]}]},{"@type":"ImageObject","inLanguage":"pt-BR","@id":"https:\/\/blogdodjacirpereira.com.br\/blog\/index.php\/2026\/08\/13\/meningite-preocupa-na-pb-estado-confirma-38-casos-e-registra-11-mortes-em-2026\/#primaryimage","url":"https:\/\/blogdodjacirpereira.com.br\/blog\/wp-content\/uploads\/2026\/08\/IMG_4733.png","contentUrl":"https:\/\/blogdodjacirpereira.com.br\/blog\/wp-content\/uploads\/2026\/08\/IMG_4733.png","width":353,"height":220},{"@type":"BreadcrumbList","@id":"https:\/\/blogdodjacirpereira.com.br\/blog\/index.php\/2026\/08\/13\/meningite-preocupa-na-pb-estado-confirma-38-casos-e-registra-11-mortes-em-2026\/#breadcrumb","itemListElement":[{"@type":"ListItem","position":1,"name":"In\u00edcio","item":"https:\/\/blogdodjacirpereira.com.br\/blog\/"},{"@type":"ListItem","position":2,"name":"Meningite preocupa na PB: Estado confirma 38 casos e registra 11 mortes em 2026"}]},{"@type":"WebSite","@id":"https:\/\/blogdodjacirpereira.com.br\/blog\/#website","url":"https:\/\/blogdodjacirpereira.com.br\/blog\/","name":"blog do Djacir Pereira","description":"","publisher":{"@id":"https:\/\/blogdodjacirpereira.com.br\/blog\/#\/schema\/person\/1b0e6c6e04fed652ddcca99f93ad336f"},"alternateName":"blog do Djacir Pereira","potentialAction":[{"@type":"SearchAction","target":{"@type":"EntryPoint","urlTemplate":"https:\/\/blogdodjacirpereira.com.br\/blog\/?s={search_term_string}"},"query-input":{"@type":"PropertyValueSpecification","valueRequired":true,"valueName":"search_term_string"}}],"inLanguage":"pt-BR"},{"@type":["Person","Organization"],"@id":"https:\/\/blogdodjacirpereira.com.br\/blog\/#\/schema\/person\/1b0e6c6e04fed652ddcca99f93ad336f","name":"Djacir Pereira","image":{"@type":"ImageObject","inLanguage":"pt-BR","@id":"https:\/\/blogdodjacirpereira.com.br\/blog\/#\/schema\/person\/image\/","url":"https:\/\/blogdodjacirpereira.com.br\/blog\/wp-content\/uploads\/2022\/05\/LOGOMARCA5.jpg","contentUrl":"https:\/\/blogdodjacirpereira.com.br\/blog\/wp-content\/uploads\/2022\/05\/LOGOMARCA5.jpg","width":945,"height":945,"caption":"Djacir Pereira"},"logo":{"@id":"https:\/\/blogdodjacirpereira.com.br\/blog\/#\/schema\/person\/image\/"},"sameAs":["https:\/\/blogdodjacirpereira.com.br\/blog\/","https:\/\/www.facebook.com\/BlogDjacirPereira","https:\/\/www.instagram.com\/djacirpereira\/","https:\/\/www.youtube.com\/c\/blogdodjacirpereira\/videos"],"url":"https:\/\/blogdodjacirpereira.com.br\/blog\/index.php\/author\/djacyr\/"}]}},"_links":{"self":[{"href":"https:\/\/blogdodjacirpereira.com.br\/blog\/index.php\/wp-json\/wp\/v2\/posts\/54558","targetHints":{"allow":["GET"]}}],"collection":[{"href":"https:\/\/blogdodjacirpereira.com.br\/blog\/index.php\/wp-json\/wp\/v2\/posts"}],"about":[{"href":"https:\/\/blogdodjacirpereira.com.br\/blog\/index.php\/wp-json\/wp\/v2\/types\/post"}],"author":[{"embeddable":true,"href":"https:\/\/blogdodjacirpereira.com.br\/blog\/index.php\/wp-json\/wp\/v2\/users\/2"}],"replies":[{"embeddable":true,"href":"https:\/\/blogdodjacirpereira.com.br\/blog\/index.php\/wp-json\/wp\/v2\/comments?post=54558"}],"version-history":[{"count":3,"href":"https:\/\/blogdodjacirpereira.com.br\/blog\/index.php\/wp-json\/wp\/v2\/posts\/54558\/revisions"}],"predecessor-version":[{"id":54561,"href":"https:\/\/blogdodjacirpereira.com.br\/blog\/index.php\/wp-json\/wp\/v2\/posts\/54558\/revisions\/54561"}],"wp:featuredmedia":[{"embeddable":true,"href":"https:\/\/blogdodjacirpereira.com.br\/blog\/index.php\/wp-json\/wp\/v2\/media\/54562"}],"wp:attachment":[{"href":"https:\/\/blogdodjacirpereira.com.br\/blog\/index.php\/wp-json\/wp\/v2\/media?parent=54558"}],"wp:term":[{"taxonomy":"category","embeddable":true,"href":"https:\/\/blogdodjacirpereira.com.br\/blog\/index.php\/wp-json\/wp\/v2\/categories?post=54558"},{"taxonomy":"post_tag","embeddable":true,"href":"https:\/\/blogdodjacirpereira.com.br\/blog\/index.php\/wp-json\/wp\/v2\/tags?post=54558"}],"curies":[{"name":"wp","href":"https:\/\/api.w.org\/{rel}","templated":true}]}}