{"id":55167,"date":"2026-09-05T08:31:29","date_gmt":"2026-09-05T11:31:29","guid":{"rendered":"https:\/\/blogdodjacirpereira.com.br\/blog\/?p=55167"},"modified":"2026-09-05T08:36:19","modified_gmt":"2026-09-05T11:36:19","slug":"prefeita-e-vice-de-areia-tem-mandatos-cassados-pelo-tre-pb","status":"publish","type":"post","link":"https:\/\/blogdodjacirpereira.com.br\/blog\/index.php\/2026\/09\/05\/prefeita-e-vice-de-areia-tem-mandatos-cassados-pelo-tre-pb\/","title":{"rendered":"Prefeita e vice de Areia t\u00eam mandatos cassados pelo TRE-PB"},"content":{"rendered":"<p><span style=\"font-size: 18pt\">O Tribunal Regional Eleitoral da Para\u00edba (TRE-PB) decidiu, nesta sexta-feira (4), pela cassa\u00e7\u00e3o dos mandatos da prefeita de Areia, S\u00edlvia Cunha Lima (MDB), e do vice-prefeito Luiz Francisco dos Santos Neto (Podemos). O resultado foi definido pelo voto de desempate do presidente da Corte, desembargador M\u00e1rcio Murilo da Cunha Ramos, ap\u00f3s o julgamento terminar empatado em 3 a 3.<\/span><\/p>\n<p><span style=\"font-size: 18pt\">Com a cassa\u00e7\u00e3o da chapa eleita nas elei\u00e7\u00f5es de 2024, Areia ter\u00e1 novas elei\u00e7\u00f5es.<\/span><\/p>\n<p><span style=\"font-size: 18pt\">O processo trata da distribui\u00e7\u00e3o de cestas b\u00e1sicas a eleitores por servidores da Prefeitura, realizada dois dias antes das elei\u00e7\u00f5es, com utiliza\u00e7\u00e3o de ve\u00edculos e da estrutura do munic\u00edpio.<\/span><\/p>\n<h3><span style=\"font-size: 18pt\">Julgamento terminou empatado antes do voto de desempate<\/span><\/h3>\n<p><span style=\"font-size: 18pt\">O relator do processo, desembargador K\u00e9ops de Vasconcelos, votou contra a cassa\u00e7\u00e3o dos mandatos por abuso de poder pol\u00edtico e econ\u00f4mico. Ele reconheceu apenas a pr\u00e1tica de conduta vedada.<\/span><\/p>\n<p><span style=\"font-size: 18pt\">Os desembargadores Rodrigo Clemente e Giovanna Mayer acompanharam o voto do relator.<\/span><\/p>\n<p><span style=\"font-size: 18pt\">A diverg\u00eancia foi aberta pela desembargadora Helena Fialho, que votou pela cassa\u00e7\u00e3o da chapa ao reconhecer abuso de poder pol\u00edtico e compra de votos na distribui\u00e7\u00e3o das cestas b\u00e1sicas.<\/span><\/p>\n<p><span style=\"font-size: 18pt\">Os desembargadores Jo\u00e3o Benedito e Rodrigo Marques acompanharam a diverg\u00eancia, deixando o placar em 3 a 3.<\/span><\/p>\n<p><span style=\"font-size: 18pt\">Diante do empate, o presidente do TRE-PB, desembargador M\u00e1rcio Murilo da Cunha Ramos, acompanhou o entendimento da diverg\u00eancia e definiu o resultado pela cassa\u00e7\u00e3o.<\/span><\/p>\n<h3><span style=\"font-size: 18pt\">S\u00edlvia Cunha Lima fica ineleg\u00edvel por oito anos<\/span><\/h3>\n<p><span style=\"font-size: 18pt\">Al\u00e9m da cassa\u00e7\u00e3o, a Justi\u00e7a Eleitoral determinou a inelegibilidade de S\u00edlvia Cunha Lima por oito anos e aplicou multa de R$ 53.205.<\/span><\/p>\n<p><span style=\"font-size: 18pt\">J\u00e1 o vice-prefeito Luiz Francisco dos Santos Neto teve o mandato cassado por integrar a chapa beneficiada pelas irregularidades. No entanto, ele n\u00e3o foi declarado ineleg\u00edvel, porque a Corte entendeu que n\u00e3o participou das condutas irregulares. Com Portal Arapuan\u00a0<\/span><\/p>\n","protected":false},"excerpt":{"rendered":"<p>O Tribunal Regional Eleitoral da Para\u00edba (TRE-PB) decidiu, nesta sexta-feira (4), pela cassa\u00e7\u00e3o dos mandatos da prefeita de Areia, S\u00edlvia Cunha Lima (MDB), e do vice-prefeito Luiz Francisco dos Santos Neto (Podemos). O resultado foi definido pelo voto de desempate do presidente da Corte, desembargador M\u00e1rcio Murilo da Cunha Ramos, ap\u00f3s o julgamento terminar empatado &#8230; <a title=\"Prefeita e vice de Areia t\u00eam mandatos cassados pelo TRE-PB\" class=\"read-more\" href=\"https:\/\/blogdodjacirpereira.com.br\/blog\/index.php\/2026\/09\/05\/prefeita-e-vice-de-areia-tem-mandatos-cassados-pelo-tre-pb\/\" aria-label=\"More on Prefeita e vice de Areia t\u00eam mandatos cassados pelo TRE-PB\">Leia mais<\/a><\/p>\n","protected":false},"author":2,"featured_media":55171,"comment_status":"open","ping_status":"open","sticky":false,"template":"","format":"standard","meta":{"footnotes":""},"categories":[35],"tags":[],"class_list":["post-55167","post","type-post","status-publish","format-standard","has-post-thumbnail","hentry","category-destaque"],"yoast_head":"<!-- This site is optimized with the Yoast SEO plugin v26.6 - https:\/\/yoast.com\/wordpress\/plugins\/seo\/ -->\n<title>Prefeita e vice de Areia t\u00eam mandatos cassados pelo TRE-PB - Blog do Djacir Pereira<\/title>\n<meta name=\"robots\" content=\"index, follow, max-snippet:-1, max-image-preview:large, max-video-preview:-1\" \/>\n<link rel=\"canonical\" href=\"https:\/\/blogdodjacirpereira.com.br\/blog\/index.php\/2026\/09\/05\/prefeita-e-vice-de-areia-tem-mandatos-cassados-pelo-tre-pb\/\" \/>\n<meta property=\"og:locale\" content=\"pt_BR\" \/>\n<meta property=\"og:type\" content=\"article\" \/>\n<meta property=\"og:title\" content=\"Prefeita e vice de Areia t\u00eam mandatos cassados pelo TRE-PB - Blog do Djacir Pereira\" \/>\n<meta property=\"og:description\" content=\"O Tribunal Regional Eleitoral da Para\u00edba (TRE-PB) decidiu, nesta sexta-feira (4), pela cassa\u00e7\u00e3o dos mandatos da prefeita de Areia, S\u00edlvia Cunha Lima (MDB), e do vice-prefeito Luiz Francisco dos Santos Neto (Podemos). O resultado foi definido pelo voto de desempate do presidente da Corte, desembargador M\u00e1rcio Murilo da Cunha Ramos, ap\u00f3s o julgamento terminar empatado ... Leia mais\" \/>\n<meta property=\"og:url\" content=\"https:\/\/blogdodjacirpereira.com.br\/blog\/index.php\/2026\/09\/05\/prefeita-e-vice-de-areia-tem-mandatos-cassados-pelo-tre-pb\/\" \/>\n<meta property=\"og:site_name\" content=\"Blog do Djacir Pereira\" \/>\n<meta property=\"article:publisher\" content=\"https:\/\/www.facebook.com\/BlogDjacirPereira\" \/>\n<meta property=\"article:author\" content=\"https:\/\/www.facebook.com\/BlogDjacirPereira\" \/>\n<meta property=\"article:published_time\" content=\"2026-09-05T11:31:29+00:00\" \/>\n<meta property=\"article:modified_time\" content=\"2026-09-05T11:36:19+00:00\" \/>\n<meta property=\"og:image\" content=\"https:\/\/blogdodjacirpereira.com.br\/blog\/wp-content\/uploads\/2026\/09\/IMG_5699.png\" \/>\n\t<meta property=\"og:image:width\" content=\"1080\" \/>\n\t<meta property=\"og:image:height\" content=\"808\" \/>\n\t<meta property=\"og:image:type\" content=\"image\/png\" \/>\n<meta name=\"author\" content=\"Djacir Pereira\" \/>\n<meta name=\"twitter:card\" content=\"summary_large_image\" \/>\n<meta name=\"twitter:label1\" content=\"Escrito por\" \/>\n\t<meta name=\"twitter:data1\" content=\"Djacir Pereira\" \/>\n\t<meta name=\"twitter:label2\" content=\"Est. tempo de leitura\" \/>\n\t<meta name=\"twitter:data2\" content=\"2 minutos\" \/>\n<script type=\"application\/ld+json\" class=\"yoast-schema-graph\">{\"@context\":\"https:\/\/schema.org\",\"@graph\":[{\"@type\":\"Article\",\"@id\":\"https:\/\/blogdodjacirpereira.com.br\/blog\/index.php\/2026\/09\/05\/prefeita-e-vice-de-areia-tem-mandatos-cassados-pelo-tre-pb\/#article\",\"isPartOf\":{\"@id\":\"https:\/\/blogdodjacirpereira.com.br\/blog\/index.php\/2026\/09\/05\/prefeita-e-vice-de-areia-tem-mandatos-cassados-pelo-tre-pb\/\"},\"author\":{\"name\":\"Djacir Pereira\",\"@id\":\"https:\/\/blogdodjacirpereira.com.br\/blog\/#\/schema\/person\/1b0e6c6e04fed652ddcca99f93ad336f\"},\"headline\":\"Prefeita e vice de Areia t\u00eam mandatos cassados pelo TRE-PB\",\"datePublished\":\"2026-09-05T11:31:29+00:00\",\"dateModified\":\"2026-09-05T11:36:19+00:00\",\"mainEntityOfPage\":{\"@id\":\"https:\/\/blogdodjacirpereira.com.br\/blog\/index.php\/2026\/09\/05\/prefeita-e-vice-de-areia-tem-mandatos-cassados-pelo-tre-pb\/\"},\"wordCount\":332,\"commentCount\":0,\"publisher\":{\"@id\":\"https:\/\/blogdodjacirpereira.com.br\/blog\/#\/schema\/person\/1b0e6c6e04fed652ddcca99f93ad336f\"},\"image\":{\"@id\":\"https:\/\/blogdodjacirpereira.com.br\/blog\/index.php\/2026\/09\/05\/prefeita-e-vice-de-areia-tem-mandatos-cassados-pelo-tre-pb\/#primaryimage\"},\"thumbnailUrl\":\"https:\/\/blogdodjacirpereira.com.br\/blog\/wp-content\/uploads\/2026\/09\/IMG_5699.png\",\"articleSection\":[\"Destaque\"],\"inLanguage\":\"pt-BR\",\"potentialAction\":[{\"@type\":\"CommentAction\",\"name\":\"Comment\",\"target\":[\"https:\/\/blogdodjacirpereira.com.br\/blog\/index.php\/2026\/09\/05\/prefeita-e-vice-de-areia-tem-mandatos-cassados-pelo-tre-pb\/#respond\"]}]},{\"@type\":\"WebPage\",\"@id\":\"https:\/\/blogdodjacirpereira.com.br\/blog\/index.php\/2026\/09\/05\/prefeita-e-vice-de-areia-tem-mandatos-cassados-pelo-tre-pb\/\",\"url\":\"https:\/\/blogdodjacirpereira.com.br\/blog\/index.php\/2026\/09\/05\/prefeita-e-vice-de-areia-tem-mandatos-cassados-pelo-tre-pb\/\",\"name\":\"Prefeita e vice de Areia t\u00eam mandatos cassados pelo TRE-PB - Blog do Djacir Pereira\",\"isPartOf\":{\"@id\":\"https:\/\/blogdodjacirpereira.com.br\/blog\/#website\"},\"primaryImageOfPage\":{\"@id\":\"https:\/\/blogdodjacirpereira.com.br\/blog\/index.php\/2026\/09\/05\/prefeita-e-vice-de-areia-tem-mandatos-cassados-pelo-tre-pb\/#primaryimage\"},\"image\":{\"@id\":\"https:\/\/blogdodjacirpereira.com.br\/blog\/index.php\/2026\/09\/05\/prefeita-e-vice-de-areia-tem-mandatos-cassados-pelo-tre-pb\/#primaryimage\"},\"thumbnailUrl\":\"https:\/\/blogdodjacirpereira.com.br\/blog\/wp-content\/uploads\/2026\/09\/IMG_5699.png\",\"datePublished\":\"2026-09-05T11:31:29+00:00\",\"dateModified\":\"2026-09-05T11:36:19+00:00\",\"breadcrumb\":{\"@id\":\"https:\/\/blogdodjacirpereira.com.br\/blog\/index.php\/2026\/09\/05\/prefeita-e-vice-de-areia-tem-mandatos-cassados-pelo-tre-pb\/#breadcrumb\"},\"inLanguage\":\"pt-BR\",\"potentialAction\":[{\"@type\":\"ReadAction\",\"target\":[\"https:\/\/blogdodjacirpereira.com.br\/blog\/index.php\/2026\/09\/05\/prefeita-e-vice-de-areia-tem-mandatos-cassados-pelo-tre-pb\/\"]}]},{\"@type\":\"ImageObject\",\"inLanguage\":\"pt-BR\",\"@id\":\"https:\/\/blogdodjacirpereira.com.br\/blog\/index.php\/2026\/09\/05\/prefeita-e-vice-de-areia-tem-mandatos-cassados-pelo-tre-pb\/#primaryimage\",\"url\":\"https:\/\/blogdodjacirpereira.com.br\/blog\/wp-content\/uploads\/2026\/09\/IMG_5699.png\",\"contentUrl\":\"https:\/\/blogdodjacirpereira.com.br\/blog\/wp-content\/uploads\/2026\/09\/IMG_5699.png\",\"width\":1080,\"height\":808},{\"@type\":\"BreadcrumbList\",\"@id\":\"https:\/\/blogdodjacirpereira.com.br\/blog\/index.php\/2026\/09\/05\/prefeita-e-vice-de-areia-tem-mandatos-cassados-pelo-tre-pb\/#breadcrumb\",\"itemListElement\":[{\"@type\":\"ListItem\",\"position\":1,\"name\":\"In\u00edcio\",\"item\":\"https:\/\/blogdodjacirpereira.com.br\/blog\/\"},{\"@type\":\"ListItem\",\"position\":2,\"name\":\"Prefeita e vice de Areia t\u00eam mandatos cassados pelo TRE-PB\"}]},{\"@type\":\"WebSite\",\"@id\":\"https:\/\/blogdodjacirpereira.com.br\/blog\/#website\",\"url\":\"https:\/\/blogdodjacirpereira.com.br\/blog\/\",\"name\":\"blog do Djacir Pereira\",\"description\":\"\",\"publisher\":{\"@id\":\"https:\/\/blogdodjacirpereira.com.br\/blog\/#\/schema\/person\/1b0e6c6e04fed652ddcca99f93ad336f\"},\"alternateName\":\"blog do Djacir Pereira\",\"potentialAction\":[{\"@type\":\"SearchAction\",\"target\":{\"@type\":\"EntryPoint\",\"urlTemplate\":\"https:\/\/blogdodjacirpereira.com.br\/blog\/?s={search_term_string}\"},\"query-input\":{\"@type\":\"PropertyValueSpecification\",\"valueRequired\":true,\"valueName\":\"search_term_string\"}}],\"inLanguage\":\"pt-BR\"},{\"@type\":[\"Person\",\"Organization\"],\"@id\":\"https:\/\/blogdodjacirpereira.com.br\/blog\/#\/schema\/person\/1b0e6c6e04fed652ddcca99f93ad336f\",\"name\":\"Djacir Pereira\",\"image\":{\"@type\":\"ImageObject\",\"inLanguage\":\"pt-BR\",\"@id\":\"https:\/\/blogdodjacirpereira.com.br\/blog\/#\/schema\/person\/image\/\",\"url\":\"https:\/\/blogdodjacirpereira.com.br\/blog\/wp-content\/uploads\/2022\/05\/LOGOMARCA5.jpg\",\"contentUrl\":\"https:\/\/blogdodjacirpereira.com.br\/blog\/wp-content\/uploads\/2022\/05\/LOGOMARCA5.jpg\",\"width\":945,\"height\":945,\"caption\":\"Djacir Pereira\"},\"logo\":{\"@id\":\"https:\/\/blogdodjacirpereira.com.br\/blog\/#\/schema\/person\/image\/\"},\"sameAs\":[\"https:\/\/blogdodjacirpereira.com.br\/blog\/\",\"https:\/\/www.facebook.com\/BlogDjacirPereira\",\"https:\/\/www.instagram.com\/djacirpereira\/\",\"https:\/\/www.youtube.com\/c\/blogdodjacirpereira\/videos\"],\"url\":\"https:\/\/blogdodjacirpereira.com.br\/blog\/index.php\/author\/djacyr\/\"}]}<\/script>\n<!-- \/ Yoast SEO plugin. -->","yoast_head_json":{"title":"Prefeita e vice de Areia t\u00eam mandatos cassados pelo TRE-PB - Blog do Djacir Pereira","robots":{"index":"index","follow":"follow","max-snippet":"max-snippet:-1","max-image-preview":"max-image-preview:large","max-video-preview":"max-video-preview:-1"},"canonical":"https:\/\/blogdodjacirpereira.com.br\/blog\/index.php\/2026\/09\/05\/prefeita-e-vice-de-areia-tem-mandatos-cassados-pelo-tre-pb\/","og_locale":"pt_BR","og_type":"article","og_title":"Prefeita e vice de Areia t\u00eam mandatos cassados pelo TRE-PB - Blog do Djacir Pereira","og_description":"O Tribunal Regional Eleitoral da Para\u00edba (TRE-PB) decidiu, nesta sexta-feira (4), pela cassa\u00e7\u00e3o dos mandatos da prefeita de Areia, S\u00edlvia Cunha Lima (MDB), e do vice-prefeito Luiz Francisco dos Santos Neto (Podemos). O resultado foi definido pelo voto de desempate do presidente da Corte, desembargador M\u00e1rcio Murilo da Cunha Ramos, ap\u00f3s o julgamento terminar empatado ... Leia mais","og_url":"https:\/\/blogdodjacirpereira.com.br\/blog\/index.php\/2026\/09\/05\/prefeita-e-vice-de-areia-tem-mandatos-cassados-pelo-tre-pb\/","og_site_name":"Blog do Djacir Pereira","article_publisher":"https:\/\/www.facebook.com\/BlogDjacirPereira","article_author":"https:\/\/www.facebook.com\/BlogDjacirPereira","article_published_time":"2026-09-05T11:31:29+00:00","article_modified_time":"2026-09-05T11:36:19+00:00","og_image":[{"width":1080,"height":808,"url":"https:\/\/blogdodjacirpereira.com.br\/blog\/wp-content\/uploads\/2026\/09\/IMG_5699.png","type":"image\/png"}],"author":"Djacir Pereira","twitter_card":"summary_large_image","twitter_misc":{"Escrito por":"Djacir Pereira","Est. tempo de leitura":"2 minutos"},"schema":{"@context":"https:\/\/schema.org","@graph":[{"@type":"Article","@id":"https:\/\/blogdodjacirpereira.com.br\/blog\/index.php\/2026\/09\/05\/prefeita-e-vice-de-areia-tem-mandatos-cassados-pelo-tre-pb\/#article","isPartOf":{"@id":"https:\/\/blogdodjacirpereira.com.br\/blog\/index.php\/2026\/09\/05\/prefeita-e-vice-de-areia-tem-mandatos-cassados-pelo-tre-pb\/"},"author":{"name":"Djacir Pereira","@id":"https:\/\/blogdodjacirpereira.com.br\/blog\/#\/schema\/person\/1b0e6c6e04fed652ddcca99f93ad336f"},"headline":"Prefeita e vice de Areia t\u00eam mandatos cassados pelo TRE-PB","datePublished":"2026-09-05T11:31:29+00:00","dateModified":"2026-09-05T11:36:19+00:00","mainEntityOfPage":{"@id":"https:\/\/blogdodjacirpereira.com.br\/blog\/index.php\/2026\/09\/05\/prefeita-e-vice-de-areia-tem-mandatos-cassados-pelo-tre-pb\/"},"wordCount":332,"commentCount":0,"publisher":{"@id":"https:\/\/blogdodjacirpereira.com.br\/blog\/#\/schema\/person\/1b0e6c6e04fed652ddcca99f93ad336f"},"image":{"@id":"https:\/\/blogdodjacirpereira.com.br\/blog\/index.php\/2026\/09\/05\/prefeita-e-vice-de-areia-tem-mandatos-cassados-pelo-tre-pb\/#primaryimage"},"thumbnailUrl":"https:\/\/blogdodjacirpereira.com.br\/blog\/wp-content\/uploads\/2026\/09\/IMG_5699.png","articleSection":["Destaque"],"inLanguage":"pt-BR","potentialAction":[{"@type":"CommentAction","name":"Comment","target":["https:\/\/blogdodjacirpereira.com.br\/blog\/index.php\/2026\/09\/05\/prefeita-e-vice-de-areia-tem-mandatos-cassados-pelo-tre-pb\/#respond"]}]},{"@type":"WebPage","@id":"https:\/\/blogdodjacirpereira.com.br\/blog\/index.php\/2026\/09\/05\/prefeita-e-vice-de-areia-tem-mandatos-cassados-pelo-tre-pb\/","url":"https:\/\/blogdodjacirpereira.com.br\/blog\/index.php\/2026\/09\/05\/prefeita-e-vice-de-areia-tem-mandatos-cassados-pelo-tre-pb\/","name":"Prefeita e vice de Areia t\u00eam mandatos cassados pelo TRE-PB - Blog do Djacir Pereira","isPartOf":{"@id":"https:\/\/blogdodjacirpereira.com.br\/blog\/#website"},"primaryImageOfPage":{"@id":"https:\/\/blogdodjacirpereira.com.br\/blog\/index.php\/2026\/09\/05\/prefeita-e-vice-de-areia-tem-mandatos-cassados-pelo-tre-pb\/#primaryimage"},"image":{"@id":"https:\/\/blogdodjacirpereira.com.br\/blog\/index.php\/2026\/09\/05\/prefeita-e-vice-de-areia-tem-mandatos-cassados-pelo-tre-pb\/#primaryimage"},"thumbnailUrl":"https:\/\/blogdodjacirpereira.com.br\/blog\/wp-content\/uploads\/2026\/09\/IMG_5699.png","datePublished":"2026-09-05T11:31:29+00:00","dateModified":"2026-09-05T11:36:19+00:00","breadcrumb":{"@id":"https:\/\/blogdodjacirpereira.com.br\/blog\/index.php\/2026\/09\/05\/prefeita-e-vice-de-areia-tem-mandatos-cassados-pelo-tre-pb\/#breadcrumb"},"inLanguage":"pt-BR","potentialAction":[{"@type":"ReadAction","target":["https:\/\/blogdodjacirpereira.com.br\/blog\/index.php\/2026\/09\/05\/prefeita-e-vice-de-areia-tem-mandatos-cassados-pelo-tre-pb\/"]}]},{"@type":"ImageObject","inLanguage":"pt-BR","@id":"https:\/\/blogdodjacirpereira.com.br\/blog\/index.php\/2026\/09\/05\/prefeita-e-vice-de-areia-tem-mandatos-cassados-pelo-tre-pb\/#primaryimage","url":"https:\/\/blogdodjacirpereira.com.br\/blog\/wp-content\/uploads\/2026\/09\/IMG_5699.png","contentUrl":"https:\/\/blogdodjacirpereira.com.br\/blog\/wp-content\/uploads\/2026\/09\/IMG_5699.png","width":1080,"height":808},{"@type":"BreadcrumbList","@id":"https:\/\/blogdodjacirpereira.com.br\/blog\/index.php\/2026\/09\/05\/prefeita-e-vice-de-areia-tem-mandatos-cassados-pelo-tre-pb\/#breadcrumb","itemListElement":[{"@type":"ListItem","position":1,"name":"In\u00edcio","item":"https:\/\/blogdodjacirpereira.com.br\/blog\/"},{"@type":"ListItem","position":2,"name":"Prefeita e vice de Areia t\u00eam mandatos cassados pelo TRE-PB"}]},{"@type":"WebSite","@id":"https:\/\/blogdodjacirpereira.com.br\/blog\/#website","url":"https:\/\/blogdodjacirpereira.com.br\/blog\/","name":"blog do Djacir Pereira","description":"","publisher":{"@id":"https:\/\/blogdodjacirpereira.com.br\/blog\/#\/schema\/person\/1b0e6c6e04fed652ddcca99f93ad336f"},"alternateName":"blog do Djacir Pereira","potentialAction":[{"@type":"SearchAction","target":{"@type":"EntryPoint","urlTemplate":"https:\/\/blogdodjacirpereira.com.br\/blog\/?s={search_term_string}"},"query-input":{"@type":"PropertyValueSpecification","valueRequired":true,"valueName":"search_term_string"}}],"inLanguage":"pt-BR"},{"@type":["Person","Organization"],"@id":"https:\/\/blogdodjacirpereira.com.br\/blog\/#\/schema\/person\/1b0e6c6e04fed652ddcca99f93ad336f","name":"Djacir Pereira","image":{"@type":"ImageObject","inLanguage":"pt-BR","@id":"https:\/\/blogdodjacirpereira.com.br\/blog\/#\/schema\/person\/image\/","url":"https:\/\/blogdodjacirpereira.com.br\/blog\/wp-content\/uploads\/2022\/05\/LOGOMARCA5.jpg","contentUrl":"https:\/\/blogdodjacirpereira.com.br\/blog\/wp-content\/uploads\/2022\/05\/LOGOMARCA5.jpg","width":945,"height":945,"caption":"Djacir Pereira"},"logo":{"@id":"https:\/\/blogdodjacirpereira.com.br\/blog\/#\/schema\/person\/image\/"},"sameAs":["https:\/\/blogdodjacirpereira.com.br\/blog\/","https:\/\/www.facebook.com\/BlogDjacirPereira","https:\/\/www.instagram.com\/djacirpereira\/","https:\/\/www.youtube.com\/c\/blogdodjacirpereira\/videos"],"url":"https:\/\/blogdodjacirpereira.com.br\/blog\/index.php\/author\/djacyr\/"}]}},"_links":{"self":[{"href":"https:\/\/blogdodjacirpereira.com.br\/blog\/index.php\/wp-json\/wp\/v2\/posts\/55167","targetHints":{"allow":["GET"]}}],"collection":[{"href":"https:\/\/blogdodjacirpereira.com.br\/blog\/index.php\/wp-json\/wp\/v2\/posts"}],"about":[{"href":"https:\/\/blogdodjacirpereira.com.br\/blog\/index.php\/wp-json\/wp\/v2\/types\/post"}],"author":[{"embeddable":true,"href":"https:\/\/blogdodjacirpereira.com.br\/blog\/index.php\/wp-json\/wp\/v2\/users\/2"}],"replies":[{"embeddable":true,"href":"https:\/\/blogdodjacirpereira.com.br\/blog\/index.php\/wp-json\/wp\/v2\/comments?post=55167"}],"version-history":[{"count":4,"href":"https:\/\/blogdodjacirpereira.com.br\/blog\/index.php\/wp-json\/wp\/v2\/posts\/55167\/revisions"}],"predecessor-version":[{"id":55173,"href":"https:\/\/blogdodjacirpereira.com.br\/blog\/index.php\/wp-json\/wp\/v2\/posts\/55167\/revisions\/55173"}],"wp:featuredmedia":[{"embeddable":true,"href":"https:\/\/blogdodjacirpereira.com.br\/blog\/index.php\/wp-json\/wp\/v2\/media\/55171"}],"wp:attachment":[{"href":"https:\/\/blogdodjacirpereira.com.br\/blog\/index.php\/wp-json\/wp\/v2\/media?parent=55167"}],"wp:term":[{"taxonomy":"category","embeddable":true,"href":"https:\/\/blogdodjacirpereira.com.br\/blog\/index.php\/wp-json\/wp\/v2\/categories?post=55167"},{"taxonomy":"post_tag","embeddable":true,"href":"https:\/\/blogdodjacirpereira.com.br\/blog\/index.php\/wp-json\/wp\/v2\/tags?post=55167"}],"curies":[{"name":"wp","href":"https:\/\/api.w.org\/{rel}","templated":true}]}}