{"id":55174,"date":"2026-09-05T11:50:11","date_gmt":"2026-09-05T14:50:11","guid":{"rendered":"https:\/\/blogdodjacirpereira.com.br\/blog\/?p=55174"},"modified":"2026-09-05T11:53:03","modified_gmt":"2026-09-05T14:53:03","slug":"desfile-civico-da-escola-delfino-jose-dos-santos-reune-moradores-na-rua-central-de-lagoinha","status":"publish","type":"post","link":"https:\/\/blogdodjacirpereira.com.br\/blog\/index.php\/2026\/09\/05\/desfile-civico-da-escola-delfino-jose-dos-santos-reune-moradores-na-rua-central-de-lagoinha\/","title":{"rendered":"Desfile c\u00edvico da Escola Delfino Jos\u00e9 dos Santos re\u00fane moradores na rua central de Lagoinha"},"content":{"rendered":"<p><span style=\"font-size: 18pt\">Estudantes da Escola Municipal Delfino Jos\u00e9 dos Santos ocuparam a rua central do povoado de Lagoinha, no final da tarde de sexta-feira (04), para a realiza\u00e7\u00e3o do tradicional desfile c\u00edvico da comunidade. Divididos em pelot\u00f5es, os alunos percorreram a principal via da localidade em uma programa\u00e7\u00e3o voltada ao civismo e \u00e0 integra\u00e7\u00e3o entre escola e moradores.<\/span><\/p>\n<p><span style=\"font-size: 18pt\">A solenidade contou com a presen\u00e7a da prefeita Marluce Veras, da secret\u00e1ria municipal de Educa\u00e7\u00e3o, Alexandrina Correia, e de integrantes da equipe da Secretaria de Educa\u00e7\u00e3o, que acompanharam a passagem dos estudantes.<\/span><\/p>\n<p><span style=\"font-size: 18pt\">A programa\u00e7\u00e3o foi marcada pela participa\u00e7\u00e3o da Banda Marcial de \u00c1gua Branca (BAMAB). O grupo conduziu as evolu\u00e7\u00f5es musicais ao longo do trajeto, executando o repert\u00f3rio que acompanhou a marcha dos pelot\u00f5es estudantis pela comunidade.<\/span><\/p>\n<div id='gallery-1' class='gallery galleryid-55174 gallery-columns-3 gallery-size-thumbnail'><figure class='gallery-item'>\n\t\t\t<div class='gallery-icon landscape'>\n\t\t\t\t<a href='https:\/\/blogdodjacirpereira.com.br\/blog\/index.php\/2026\/09\/05\/desfile-civico-da-escola-delfino-jose-dos-santos-reune-moradores-na-rua-central-de-lagoinha\/3e0ab87a-22e7-4156-95dd-c5625862ac4c\/#main'><img decoding=\"async\" width=\"150\" height=\"150\" src=\"https:\/\/blogdodjacirpereira.com.br\/blog\/wp-content\/uploads\/2026\/09\/3e0ab87a-22e7-4156-95dd-c5625862ac4c-150x150.jpeg\" class=\"attachment-thumbnail size-thumbnail\" alt=\"\" srcset=\"https:\/\/blogdodjacirpereira.com.br\/blog\/wp-content\/uploads\/2026\/09\/3e0ab87a-22e7-4156-95dd-c5625862ac4c-150x150.jpeg 150w, https:\/\/blogdodjacirpereira.com.br\/blog\/wp-content\/uploads\/2026\/09\/3e0ab87a-22e7-4156-95dd-c5625862ac4c-500x500.jpeg 500w\" sizes=\"(max-width: 150px) 100vw, 150px\" \/><\/a>\n\t\t\t<\/div><\/figure><figure class='gallery-item'>\n\t\t\t<div class='gallery-icon landscape'>\n\t\t\t\t<a href='https:\/\/blogdodjacirpereira.com.br\/blog\/index.php\/2026\/09\/05\/desfile-civico-da-escola-delfino-jose-dos-santos-reune-moradores-na-rua-central-de-lagoinha\/df0c9f91-bef7-4448-88de-451b0f8f4a16\/#main'><img decoding=\"async\" width=\"150\" height=\"150\" src=\"https:\/\/blogdodjacirpereira.com.br\/blog\/wp-content\/uploads\/2026\/09\/df0c9f91-bef7-4448-88de-451b0f8f4a16-150x150.jpeg\" class=\"attachment-thumbnail size-thumbnail\" alt=\"\" srcset=\"https:\/\/blogdodjacirpereira.com.br\/blog\/wp-content\/uploads\/2026\/09\/df0c9f91-bef7-4448-88de-451b0f8f4a16-150x150.jpeg 150w, https:\/\/blogdodjacirpereira.com.br\/blog\/wp-content\/uploads\/2026\/09\/df0c9f91-bef7-4448-88de-451b0f8f4a16-500x500.jpeg 500w\" sizes=\"(max-width: 150px) 100vw, 150px\" \/><\/a>\n\t\t\t<\/div><\/figure><figure class='gallery-item'>\n\t\t\t<div class='gallery-icon landscape'>\n\t\t\t\t<a href='https:\/\/blogdodjacirpereira.com.br\/blog\/index.php\/2026\/09\/05\/desfile-civico-da-escola-delfino-jose-dos-santos-reune-moradores-na-rua-central-de-lagoinha\/504534ea-7c4a-4a37-87e7-be6a5465a540\/#main'><img decoding=\"async\" width=\"150\" height=\"150\" src=\"https:\/\/blogdodjacirpereira.com.br\/blog\/wp-content\/uploads\/2026\/09\/504534ea-7c4a-4a37-87e7-be6a5465a540-150x150.jpeg\" class=\"attachment-thumbnail size-thumbnail\" alt=\"\" srcset=\"https:\/\/blogdodjacirpereira.com.br\/blog\/wp-content\/uploads\/2026\/09\/504534ea-7c4a-4a37-87e7-be6a5465a540-150x150.jpeg 150w, https:\/\/blogdodjacirpereira.com.br\/blog\/wp-content\/uploads\/2026\/09\/504534ea-7c4a-4a37-87e7-be6a5465a540-500x500.jpeg 500w\" sizes=\"(max-width: 150px) 100vw, 150px\" \/><\/a>\n\t\t\t<\/div><\/figure><figure class='gallery-item'>\n\t\t\t<div class='gallery-icon landscape'>\n\t\t\t\t<a href='https:\/\/blogdodjacirpereira.com.br\/blog\/index.php\/2026\/09\/05\/desfile-civico-da-escola-delfino-jose-dos-santos-reune-moradores-na-rua-central-de-lagoinha\/8a6ea829-62fa-4b96-8725-f353cade293d\/#main'><img loading=\"lazy\" decoding=\"async\" width=\"150\" height=\"150\" src=\"https:\/\/blogdodjacirpereira.com.br\/blog\/wp-content\/uploads\/2026\/09\/8a6ea829-62fa-4b96-8725-f353cade293d-150x150.jpeg\" class=\"attachment-thumbnail size-thumbnail\" alt=\"\" srcset=\"https:\/\/blogdodjacirpereira.com.br\/blog\/wp-content\/uploads\/2026\/09\/8a6ea829-62fa-4b96-8725-f353cade293d-150x150.jpeg 150w, https:\/\/blogdodjacirpereira.com.br\/blog\/wp-content\/uploads\/2026\/09\/8a6ea829-62fa-4b96-8725-f353cade293d-500x500.jpeg 500w\" sizes=\"(max-width: 150px) 100vw, 150px\" \/><\/a>\n\t\t\t<\/div><\/figure><figure class='gallery-item'>\n\t\t\t<div class='gallery-icon landscape'>\n\t\t\t\t<a href='https:\/\/blogdodjacirpereira.com.br\/blog\/index.php\/2026\/09\/05\/desfile-civico-da-escola-delfino-jose-dos-santos-reune-moradores-na-rua-central-de-lagoinha\/f3d80c45-bca5-49be-9299-c8cd6d1fc784\/#main'><img loading=\"lazy\" decoding=\"async\" width=\"150\" height=\"150\" src=\"https:\/\/blogdodjacirpereira.com.br\/blog\/wp-content\/uploads\/2026\/09\/f3d80c45-bca5-49be-9299-c8cd6d1fc784-150x150.jpeg\" class=\"attachment-thumbnail size-thumbnail\" alt=\"\" srcset=\"https:\/\/blogdodjacirpereira.com.br\/blog\/wp-content\/uploads\/2026\/09\/f3d80c45-bca5-49be-9299-c8cd6d1fc784-150x150.jpeg 150w, https:\/\/blogdodjacirpereira.com.br\/blog\/wp-content\/uploads\/2026\/09\/f3d80c45-bca5-49be-9299-c8cd6d1fc784-500x500.jpeg 500w\" sizes=\"(max-width: 150px) 100vw, 150px\" \/><\/a>\n\t\t\t<\/div><\/figure><figure class='gallery-item'>\n\t\t\t<div class='gallery-icon landscape'>\n\t\t\t\t<a href='https:\/\/blogdodjacirpereira.com.br\/blog\/index.php\/2026\/09\/05\/desfile-civico-da-escola-delfino-jose-dos-santos-reune-moradores-na-rua-central-de-lagoinha\/b15b4dc6-7040-42e1-8f3b-bde54579cce7\/#main'><img loading=\"lazy\" decoding=\"async\" width=\"150\" height=\"150\" src=\"https:\/\/blogdodjacirpereira.com.br\/blog\/wp-content\/uploads\/2026\/09\/b15b4dc6-7040-42e1-8f3b-bde54579cce7-150x150.jpeg\" class=\"attachment-thumbnail size-thumbnail\" alt=\"\" srcset=\"https:\/\/blogdodjacirpereira.com.br\/blog\/wp-content\/uploads\/2026\/09\/b15b4dc6-7040-42e1-8f3b-bde54579cce7-150x150.jpeg 150w, https:\/\/blogdodjacirpereira.com.br\/blog\/wp-content\/uploads\/2026\/09\/b15b4dc6-7040-42e1-8f3b-bde54579cce7-500x500.jpeg 500w\" sizes=\"(max-width: 150px) 100vw, 150px\" \/><\/a>\n\t\t\t<\/div><\/figure><figure class='gallery-item'>\n\t\t\t<div class='gallery-icon landscape'>\n\t\t\t\t<a href='https:\/\/blogdodjacirpereira.com.br\/blog\/index.php\/2026\/09\/05\/desfile-civico-da-escola-delfino-jose-dos-santos-reune-moradores-na-rua-central-de-lagoinha\/678b35ba-2fb8-4e17-afd7-e2f331d6fc32\/#main'><img loading=\"lazy\" decoding=\"async\" width=\"150\" height=\"150\" src=\"https:\/\/blogdodjacirpereira.com.br\/blog\/wp-content\/uploads\/2026\/09\/678b35ba-2fb8-4e17-afd7-e2f331d6fc32-150x150.jpeg\" class=\"attachment-thumbnail size-thumbnail\" alt=\"\" srcset=\"https:\/\/blogdodjacirpereira.com.br\/blog\/wp-content\/uploads\/2026\/09\/678b35ba-2fb8-4e17-afd7-e2f331d6fc32-150x150.jpeg 150w, https:\/\/blogdodjacirpereira.com.br\/blog\/wp-content\/uploads\/2026\/09\/678b35ba-2fb8-4e17-afd7-e2f331d6fc32-500x500.jpeg 500w\" sizes=\"(max-width: 150px) 100vw, 150px\" \/><\/a>\n\t\t\t<\/div><\/figure><figure class='gallery-item'>\n\t\t\t<div class='gallery-icon landscape'>\n\t\t\t\t<a href='https:\/\/blogdodjacirpereira.com.br\/blog\/index.php\/2026\/09\/05\/desfile-civico-da-escola-delfino-jose-dos-santos-reune-moradores-na-rua-central-de-lagoinha\/9fc21702-b477-4c43-9fe6-22908d7b01a3\/#main'><img loading=\"lazy\" decoding=\"async\" width=\"150\" height=\"150\" src=\"https:\/\/blogdodjacirpereira.com.br\/blog\/wp-content\/uploads\/2026\/09\/9fc21702-b477-4c43-9fe6-22908d7b01a3-150x150.jpeg\" class=\"attachment-thumbnail size-thumbnail\" alt=\"\" srcset=\"https:\/\/blogdodjacirpereira.com.br\/blog\/wp-content\/uploads\/2026\/09\/9fc21702-b477-4c43-9fe6-22908d7b01a3-150x150.jpeg 150w, https:\/\/blogdodjacirpereira.com.br\/blog\/wp-content\/uploads\/2026\/09\/9fc21702-b477-4c43-9fe6-22908d7b01a3-500x500.jpeg 500w\" sizes=\"(max-width: 150px) 100vw, 150px\" \/><\/a>\n\t\t\t<\/div><\/figure><figure class='gallery-item'>\n\t\t\t<div class='gallery-icon landscape'>\n\t\t\t\t<a href='https:\/\/blogdodjacirpereira.com.br\/blog\/index.php\/2026\/09\/05\/desfile-civico-da-escola-delfino-jose-dos-santos-reune-moradores-na-rua-central-de-lagoinha\/d7798dad-eec2-423e-ac44-f5e0467c63ef\/#main'><img loading=\"lazy\" decoding=\"async\" width=\"150\" height=\"150\" src=\"https:\/\/blogdodjacirpereira.com.br\/blog\/wp-content\/uploads\/2026\/09\/d7798dad-eec2-423e-ac44-f5e0467c63ef-150x150.jpeg\" class=\"attachment-thumbnail size-thumbnail\" alt=\"\" srcset=\"https:\/\/blogdodjacirpereira.com.br\/blog\/wp-content\/uploads\/2026\/09\/d7798dad-eec2-423e-ac44-f5e0467c63ef-150x150.jpeg 150w, https:\/\/blogdodjacirpereira.com.br\/blog\/wp-content\/uploads\/2026\/09\/d7798dad-eec2-423e-ac44-f5e0467c63ef-500x500.jpeg 500w\" sizes=\"(max-width: 150px) 100vw, 150px\" \/><\/a>\n\t\t\t<\/div><\/figure>\n\t\t<\/div>\n\n","protected":false},"excerpt":{"rendered":"<p>Estudantes da Escola Municipal Delfino Jos\u00e9 dos Santos ocuparam a rua central do povoado de Lagoinha, no final da tarde de sexta-feira (04), para a realiza\u00e7\u00e3o do tradicional desfile c\u00edvico da comunidade. Divididos em pelot\u00f5es, os alunos percorreram a principal via da localidade em uma programa\u00e7\u00e3o voltada ao civismo e \u00e0 integra\u00e7\u00e3o entre escola e &#8230; <a title=\"Desfile c\u00edvico da Escola Delfino Jos\u00e9 dos Santos re\u00fane moradores na rua central de Lagoinha\" class=\"read-more\" href=\"https:\/\/blogdodjacirpereira.com.br\/blog\/index.php\/2026\/09\/05\/desfile-civico-da-escola-delfino-jose-dos-santos-reune-moradores-na-rua-central-de-lagoinha\/\" aria-label=\"More on Desfile c\u00edvico da Escola Delfino Jos\u00e9 dos Santos re\u00fane moradores na rua central de Lagoinha\">Leia mais<\/a><\/p>\n","protected":false},"author":2,"featured_media":55185,"comment_status":"open","ping_status":"open","sticky":false,"template":"","format":"standard","meta":{"footnotes":""},"categories":[35],"tags":[],"class_list":["post-55174","post","type-post","status-publish","format-standard","has-post-thumbnail","hentry","category-destaque"],"yoast_head":"<!-- This site is optimized with the Yoast SEO plugin v26.6 - https:\/\/yoast.com\/wordpress\/plugins\/seo\/ -->\n<title>Desfile c\u00edvico da Escola Delfino Jos\u00e9 dos Santos re\u00fane moradores na rua central de Lagoinha - Blog do Djacir Pereira<\/title>\n<meta name=\"robots\" content=\"index, follow, max-snippet:-1, max-image-preview:large, max-video-preview:-1\" \/>\n<link rel=\"canonical\" href=\"https:\/\/blogdodjacirpereira.com.br\/blog\/index.php\/2026\/09\/05\/desfile-civico-da-escola-delfino-jose-dos-santos-reune-moradores-na-rua-central-de-lagoinha\/\" \/>\n<meta property=\"og:locale\" content=\"pt_BR\" \/>\n<meta property=\"og:type\" content=\"article\" \/>\n<meta property=\"og:title\" content=\"Desfile c\u00edvico da Escola Delfino Jos\u00e9 dos Santos re\u00fane moradores na rua central de Lagoinha - Blog do Djacir Pereira\" \/>\n<meta property=\"og:description\" content=\"Estudantes da Escola Municipal Delfino Jos\u00e9 dos Santos ocuparam a rua central do povoado de Lagoinha, no final da tarde de sexta-feira (04), para a realiza\u00e7\u00e3o do tradicional desfile c\u00edvico da comunidade. Divididos em pelot\u00f5es, os alunos percorreram a principal via da localidade em uma programa\u00e7\u00e3o voltada ao civismo e \u00e0 integra\u00e7\u00e3o entre escola e ... Leia mais\" \/>\n<meta property=\"og:url\" content=\"https:\/\/blogdodjacirpereira.com.br\/blog\/index.php\/2026\/09\/05\/desfile-civico-da-escola-delfino-jose-dos-santos-reune-moradores-na-rua-central-de-lagoinha\/\" \/>\n<meta property=\"og:site_name\" content=\"Blog do Djacir Pereira\" \/>\n<meta property=\"article:publisher\" content=\"https:\/\/www.facebook.com\/BlogDjacirPereira\" \/>\n<meta property=\"article:author\" content=\"https:\/\/www.facebook.com\/BlogDjacirPereira\" \/>\n<meta property=\"article:published_time\" content=\"2026-09-05T14:50:11+00:00\" \/>\n<meta property=\"article:modified_time\" content=\"2026-09-05T14:53:03+00:00\" \/>\n<meta property=\"og:image\" content=\"https:\/\/blogdodjacirpereira.com.br\/blog\/wp-content\/uploads\/2026\/09\/511e4b74-d876-41ae-a7ae-1f069e2db6cf.jpeg\" \/>\n\t<meta property=\"og:image:width\" content=\"1600\" \/>\n\t<meta property=\"og:image:height\" content=\"1068\" \/>\n\t<meta property=\"og:image:type\" content=\"image\/jpeg\" \/>\n<meta name=\"author\" content=\"Djacir Pereira\" \/>\n<meta name=\"twitter:card\" content=\"summary_large_image\" \/>\n<meta name=\"twitter:label1\" content=\"Escrito por\" \/>\n\t<meta name=\"twitter:data1\" content=\"Djacir Pereira\" \/>\n\t<meta name=\"twitter:label2\" content=\"Est. tempo de leitura\" \/>\n\t<meta name=\"twitter:data2\" content=\"1 minuto\" \/>\n<script type=\"application\/ld+json\" class=\"yoast-schema-graph\">{\"@context\":\"https:\/\/schema.org\",\"@graph\":[{\"@type\":\"Article\",\"@id\":\"https:\/\/blogdodjacirpereira.com.br\/blog\/index.php\/2026\/09\/05\/desfile-civico-da-escola-delfino-jose-dos-santos-reune-moradores-na-rua-central-de-lagoinha\/#article\",\"isPartOf\":{\"@id\":\"https:\/\/blogdodjacirpereira.com.br\/blog\/index.php\/2026\/09\/05\/desfile-civico-da-escola-delfino-jose-dos-santos-reune-moradores-na-rua-central-de-lagoinha\/\"},\"author\":{\"name\":\"Djacir Pereira\",\"@id\":\"https:\/\/blogdodjacirpereira.com.br\/blog\/#\/schema\/person\/1b0e6c6e04fed652ddcca99f93ad336f\"},\"headline\":\"Desfile c\u00edvico da Escola Delfino Jos\u00e9 dos Santos re\u00fane moradores na rua central de Lagoinha\",\"datePublished\":\"2026-09-05T14:50:11+00:00\",\"dateModified\":\"2026-09-05T14:53:03+00:00\",\"mainEntityOfPage\":{\"@id\":\"https:\/\/blogdodjacirpereira.com.br\/blog\/index.php\/2026\/09\/05\/desfile-civico-da-escola-delfino-jose-dos-santos-reune-moradores-na-rua-central-de-lagoinha\/\"},\"wordCount\":154,\"commentCount\":0,\"publisher\":{\"@id\":\"https:\/\/blogdodjacirpereira.com.br\/blog\/#\/schema\/person\/1b0e6c6e04fed652ddcca99f93ad336f\"},\"image\":{\"@id\":\"https:\/\/blogdodjacirpereira.com.br\/blog\/index.php\/2026\/09\/05\/desfile-civico-da-escola-delfino-jose-dos-santos-reune-moradores-na-rua-central-de-lagoinha\/#primaryimage\"},\"thumbnailUrl\":\"https:\/\/blogdodjacirpereira.com.br\/blog\/wp-content\/uploads\/2026\/09\/511e4b74-d876-41ae-a7ae-1f069e2db6cf.jpeg\",\"articleSection\":[\"Destaque\"],\"inLanguage\":\"pt-BR\",\"potentialAction\":[{\"@type\":\"CommentAction\",\"name\":\"Comment\",\"target\":[\"https:\/\/blogdodjacirpereira.com.br\/blog\/index.php\/2026\/09\/05\/desfile-civico-da-escola-delfino-jose-dos-santos-reune-moradores-na-rua-central-de-lagoinha\/#respond\"]}]},{\"@type\":\"WebPage\",\"@id\":\"https:\/\/blogdodjacirpereira.com.br\/blog\/index.php\/2026\/09\/05\/desfile-civico-da-escola-delfino-jose-dos-santos-reune-moradores-na-rua-central-de-lagoinha\/\",\"url\":\"https:\/\/blogdodjacirpereira.com.br\/blog\/index.php\/2026\/09\/05\/desfile-civico-da-escola-delfino-jose-dos-santos-reune-moradores-na-rua-central-de-lagoinha\/\",\"name\":\"Desfile c\u00edvico da Escola Delfino Jos\u00e9 dos Santos re\u00fane moradores na rua central de Lagoinha - Blog do Djacir Pereira\",\"isPartOf\":{\"@id\":\"https:\/\/blogdodjacirpereira.com.br\/blog\/#website\"},\"primaryImageOfPage\":{\"@id\":\"https:\/\/blogdodjacirpereira.com.br\/blog\/index.php\/2026\/09\/05\/desfile-civico-da-escola-delfino-jose-dos-santos-reune-moradores-na-rua-central-de-lagoinha\/#primaryimage\"},\"image\":{\"@id\":\"https:\/\/blogdodjacirpereira.com.br\/blog\/index.php\/2026\/09\/05\/desfile-civico-da-escola-delfino-jose-dos-santos-reune-moradores-na-rua-central-de-lagoinha\/#primaryimage\"},\"thumbnailUrl\":\"https:\/\/blogdodjacirpereira.com.br\/blog\/wp-content\/uploads\/2026\/09\/511e4b74-d876-41ae-a7ae-1f069e2db6cf.jpeg\",\"datePublished\":\"2026-09-05T14:50:11+00:00\",\"dateModified\":\"2026-09-05T14:53:03+00:00\",\"breadcrumb\":{\"@id\":\"https:\/\/blogdodjacirpereira.com.br\/blog\/index.php\/2026\/09\/05\/desfile-civico-da-escola-delfino-jose-dos-santos-reune-moradores-na-rua-central-de-lagoinha\/#breadcrumb\"},\"inLanguage\":\"pt-BR\",\"potentialAction\":[{\"@type\":\"ReadAction\",\"target\":[\"https:\/\/blogdodjacirpereira.com.br\/blog\/index.php\/2026\/09\/05\/desfile-civico-da-escola-delfino-jose-dos-santos-reune-moradores-na-rua-central-de-lagoinha\/\"]}]},{\"@type\":\"ImageObject\",\"inLanguage\":\"pt-BR\",\"@id\":\"https:\/\/blogdodjacirpereira.com.br\/blog\/index.php\/2026\/09\/05\/desfile-civico-da-escola-delfino-jose-dos-santos-reune-moradores-na-rua-central-de-lagoinha\/#primaryimage\",\"url\":\"https:\/\/blogdodjacirpereira.com.br\/blog\/wp-content\/uploads\/2026\/09\/511e4b74-d876-41ae-a7ae-1f069e2db6cf.jpeg\",\"contentUrl\":\"https:\/\/blogdodjacirpereira.com.br\/blog\/wp-content\/uploads\/2026\/09\/511e4b74-d876-41ae-a7ae-1f069e2db6cf.jpeg\",\"width\":1600,\"height\":1068},{\"@type\":\"BreadcrumbList\",\"@id\":\"https:\/\/blogdodjacirpereira.com.br\/blog\/index.php\/2026\/09\/05\/desfile-civico-da-escola-delfino-jose-dos-santos-reune-moradores-na-rua-central-de-lagoinha\/#breadcrumb\",\"itemListElement\":[{\"@type\":\"ListItem\",\"position\":1,\"name\":\"In\u00edcio\",\"item\":\"https:\/\/blogdodjacirpereira.com.br\/blog\/\"},{\"@type\":\"ListItem\",\"position\":2,\"name\":\"Desfile c\u00edvico da Escola Delfino Jos\u00e9 dos Santos re\u00fane moradores na rua central de Lagoinha\"}]},{\"@type\":\"WebSite\",\"@id\":\"https:\/\/blogdodjacirpereira.com.br\/blog\/#website\",\"url\":\"https:\/\/blogdodjacirpereira.com.br\/blog\/\",\"name\":\"blog do Djacir Pereira\",\"description\":\"\",\"publisher\":{\"@id\":\"https:\/\/blogdodjacirpereira.com.br\/blog\/#\/schema\/person\/1b0e6c6e04fed652ddcca99f93ad336f\"},\"alternateName\":\"blog do Djacir Pereira\",\"potentialAction\":[{\"@type\":\"SearchAction\",\"target\":{\"@type\":\"EntryPoint\",\"urlTemplate\":\"https:\/\/blogdodjacirpereira.com.br\/blog\/?s={search_term_string}\"},\"query-input\":{\"@type\":\"PropertyValueSpecification\",\"valueRequired\":true,\"valueName\":\"search_term_string\"}}],\"inLanguage\":\"pt-BR\"},{\"@type\":[\"Person\",\"Organization\"],\"@id\":\"https:\/\/blogdodjacirpereira.com.br\/blog\/#\/schema\/person\/1b0e6c6e04fed652ddcca99f93ad336f\",\"name\":\"Djacir Pereira\",\"image\":{\"@type\":\"ImageObject\",\"inLanguage\":\"pt-BR\",\"@id\":\"https:\/\/blogdodjacirpereira.com.br\/blog\/#\/schema\/person\/image\/\",\"url\":\"https:\/\/blogdodjacirpereira.com.br\/blog\/wp-content\/uploads\/2022\/05\/LOGOMARCA5.jpg\",\"contentUrl\":\"https:\/\/blogdodjacirpereira.com.br\/blog\/wp-content\/uploads\/2022\/05\/LOGOMARCA5.jpg\",\"width\":945,\"height\":945,\"caption\":\"Djacir Pereira\"},\"logo\":{\"@id\":\"https:\/\/blogdodjacirpereira.com.br\/blog\/#\/schema\/person\/image\/\"},\"sameAs\":[\"https:\/\/blogdodjacirpereira.com.br\/blog\/\",\"https:\/\/www.facebook.com\/BlogDjacirPereira\",\"https:\/\/www.instagram.com\/djacirpereira\/\",\"https:\/\/www.youtube.com\/c\/blogdodjacirpereira\/videos\"],\"url\":\"https:\/\/blogdodjacirpereira.com.br\/blog\/index.php\/author\/djacyr\/\"}]}<\/script>\n<!-- \/ Yoast SEO plugin. -->","yoast_head_json":{"title":"Desfile c\u00edvico da Escola Delfino Jos\u00e9 dos Santos re\u00fane moradores na rua central de Lagoinha - Blog do Djacir Pereira","robots":{"index":"index","follow":"follow","max-snippet":"max-snippet:-1","max-image-preview":"max-image-preview:large","max-video-preview":"max-video-preview:-1"},"canonical":"https:\/\/blogdodjacirpereira.com.br\/blog\/index.php\/2026\/09\/05\/desfile-civico-da-escola-delfino-jose-dos-santos-reune-moradores-na-rua-central-de-lagoinha\/","og_locale":"pt_BR","og_type":"article","og_title":"Desfile c\u00edvico da Escola Delfino Jos\u00e9 dos Santos re\u00fane moradores na rua central de Lagoinha - Blog do Djacir Pereira","og_description":"Estudantes da Escola Municipal Delfino Jos\u00e9 dos Santos ocuparam a rua central do povoado de Lagoinha, no final da tarde de sexta-feira (04), para a realiza\u00e7\u00e3o do tradicional desfile c\u00edvico da comunidade. Divididos em pelot\u00f5es, os alunos percorreram a principal via da localidade em uma programa\u00e7\u00e3o voltada ao civismo e \u00e0 integra\u00e7\u00e3o entre escola e ... Leia mais","og_url":"https:\/\/blogdodjacirpereira.com.br\/blog\/index.php\/2026\/09\/05\/desfile-civico-da-escola-delfino-jose-dos-santos-reune-moradores-na-rua-central-de-lagoinha\/","og_site_name":"Blog do Djacir Pereira","article_publisher":"https:\/\/www.facebook.com\/BlogDjacirPereira","article_author":"https:\/\/www.facebook.com\/BlogDjacirPereira","article_published_time":"2026-09-05T14:50:11+00:00","article_modified_time":"2026-09-05T14:53:03+00:00","og_image":[{"width":1600,"height":1068,"url":"https:\/\/blogdodjacirpereira.com.br\/blog\/wp-content\/uploads\/2026\/09\/511e4b74-d876-41ae-a7ae-1f069e2db6cf.jpeg","type":"image\/jpeg"}],"author":"Djacir Pereira","twitter_card":"summary_large_image","twitter_misc":{"Escrito por":"Djacir Pereira","Est. tempo de leitura":"1 minuto"},"schema":{"@context":"https:\/\/schema.org","@graph":[{"@type":"Article","@id":"https:\/\/blogdodjacirpereira.com.br\/blog\/index.php\/2026\/09\/05\/desfile-civico-da-escola-delfino-jose-dos-santos-reune-moradores-na-rua-central-de-lagoinha\/#article","isPartOf":{"@id":"https:\/\/blogdodjacirpereira.com.br\/blog\/index.php\/2026\/09\/05\/desfile-civico-da-escola-delfino-jose-dos-santos-reune-moradores-na-rua-central-de-lagoinha\/"},"author":{"name":"Djacir Pereira","@id":"https:\/\/blogdodjacirpereira.com.br\/blog\/#\/schema\/person\/1b0e6c6e04fed652ddcca99f93ad336f"},"headline":"Desfile c\u00edvico da Escola Delfino Jos\u00e9 dos Santos re\u00fane moradores na rua central de Lagoinha","datePublished":"2026-09-05T14:50:11+00:00","dateModified":"2026-09-05T14:53:03+00:00","mainEntityOfPage":{"@id":"https:\/\/blogdodjacirpereira.com.br\/blog\/index.php\/2026\/09\/05\/desfile-civico-da-escola-delfino-jose-dos-santos-reune-moradores-na-rua-central-de-lagoinha\/"},"wordCount":154,"commentCount":0,"publisher":{"@id":"https:\/\/blogdodjacirpereira.com.br\/blog\/#\/schema\/person\/1b0e6c6e04fed652ddcca99f93ad336f"},"image":{"@id":"https:\/\/blogdodjacirpereira.com.br\/blog\/index.php\/2026\/09\/05\/desfile-civico-da-escola-delfino-jose-dos-santos-reune-moradores-na-rua-central-de-lagoinha\/#primaryimage"},"thumbnailUrl":"https:\/\/blogdodjacirpereira.com.br\/blog\/wp-content\/uploads\/2026\/09\/511e4b74-d876-41ae-a7ae-1f069e2db6cf.jpeg","articleSection":["Destaque"],"inLanguage":"pt-BR","potentialAction":[{"@type":"CommentAction","name":"Comment","target":["https:\/\/blogdodjacirpereira.com.br\/blog\/index.php\/2026\/09\/05\/desfile-civico-da-escola-delfino-jose-dos-santos-reune-moradores-na-rua-central-de-lagoinha\/#respond"]}]},{"@type":"WebPage","@id":"https:\/\/blogdodjacirpereira.com.br\/blog\/index.php\/2026\/09\/05\/desfile-civico-da-escola-delfino-jose-dos-santos-reune-moradores-na-rua-central-de-lagoinha\/","url":"https:\/\/blogdodjacirpereira.com.br\/blog\/index.php\/2026\/09\/05\/desfile-civico-da-escola-delfino-jose-dos-santos-reune-moradores-na-rua-central-de-lagoinha\/","name":"Desfile c\u00edvico da Escola Delfino Jos\u00e9 dos Santos re\u00fane moradores na rua central de Lagoinha - Blog do Djacir Pereira","isPartOf":{"@id":"https:\/\/blogdodjacirpereira.com.br\/blog\/#website"},"primaryImageOfPage":{"@id":"https:\/\/blogdodjacirpereira.com.br\/blog\/index.php\/2026\/09\/05\/desfile-civico-da-escola-delfino-jose-dos-santos-reune-moradores-na-rua-central-de-lagoinha\/#primaryimage"},"image":{"@id":"https:\/\/blogdodjacirpereira.com.br\/blog\/index.php\/2026\/09\/05\/desfile-civico-da-escola-delfino-jose-dos-santos-reune-moradores-na-rua-central-de-lagoinha\/#primaryimage"},"thumbnailUrl":"https:\/\/blogdodjacirpereira.com.br\/blog\/wp-content\/uploads\/2026\/09\/511e4b74-d876-41ae-a7ae-1f069e2db6cf.jpeg","datePublished":"2026-09-05T14:50:11+00:00","dateModified":"2026-09-05T14:53:03+00:00","breadcrumb":{"@id":"https:\/\/blogdodjacirpereira.com.br\/blog\/index.php\/2026\/09\/05\/desfile-civico-da-escola-delfino-jose-dos-santos-reune-moradores-na-rua-central-de-lagoinha\/#breadcrumb"},"inLanguage":"pt-BR","potentialAction":[{"@type":"ReadAction","target":["https:\/\/blogdodjacirpereira.com.br\/blog\/index.php\/2026\/09\/05\/desfile-civico-da-escola-delfino-jose-dos-santos-reune-moradores-na-rua-central-de-lagoinha\/"]}]},{"@type":"ImageObject","inLanguage":"pt-BR","@id":"https:\/\/blogdodjacirpereira.com.br\/blog\/index.php\/2026\/09\/05\/desfile-civico-da-escola-delfino-jose-dos-santos-reune-moradores-na-rua-central-de-lagoinha\/#primaryimage","url":"https:\/\/blogdodjacirpereira.com.br\/blog\/wp-content\/uploads\/2026\/09\/511e4b74-d876-41ae-a7ae-1f069e2db6cf.jpeg","contentUrl":"https:\/\/blogdodjacirpereira.com.br\/blog\/wp-content\/uploads\/2026\/09\/511e4b74-d876-41ae-a7ae-1f069e2db6cf.jpeg","width":1600,"height":1068},{"@type":"BreadcrumbList","@id":"https:\/\/blogdodjacirpereira.com.br\/blog\/index.php\/2026\/09\/05\/desfile-civico-da-escola-delfino-jose-dos-santos-reune-moradores-na-rua-central-de-lagoinha\/#breadcrumb","itemListElement":[{"@type":"ListItem","position":1,"name":"In\u00edcio","item":"https:\/\/blogdodjacirpereira.com.br\/blog\/"},{"@type":"ListItem","position":2,"name":"Desfile c\u00edvico da Escola Delfino Jos\u00e9 dos Santos re\u00fane moradores na rua central de Lagoinha"}]},{"@type":"WebSite","@id":"https:\/\/blogdodjacirpereira.com.br\/blog\/#website","url":"https:\/\/blogdodjacirpereira.com.br\/blog\/","name":"blog do Djacir Pereira","description":"","publisher":{"@id":"https:\/\/blogdodjacirpereira.com.br\/blog\/#\/schema\/person\/1b0e6c6e04fed652ddcca99f93ad336f"},"alternateName":"blog do Djacir Pereira","potentialAction":[{"@type":"SearchAction","target":{"@type":"EntryPoint","urlTemplate":"https:\/\/blogdodjacirpereira.com.br\/blog\/?s={search_term_string}"},"query-input":{"@type":"PropertyValueSpecification","valueRequired":true,"valueName":"search_term_string"}}],"inLanguage":"pt-BR"},{"@type":["Person","Organization"],"@id":"https:\/\/blogdodjacirpereira.com.br\/blog\/#\/schema\/person\/1b0e6c6e04fed652ddcca99f93ad336f","name":"Djacir Pereira","image":{"@type":"ImageObject","inLanguage":"pt-BR","@id":"https:\/\/blogdodjacirpereira.com.br\/blog\/#\/schema\/person\/image\/","url":"https:\/\/blogdodjacirpereira.com.br\/blog\/wp-content\/uploads\/2022\/05\/LOGOMARCA5.jpg","contentUrl":"https:\/\/blogdodjacirpereira.com.br\/blog\/wp-content\/uploads\/2022\/05\/LOGOMARCA5.jpg","width":945,"height":945,"caption":"Djacir Pereira"},"logo":{"@id":"https:\/\/blogdodjacirpereira.com.br\/blog\/#\/schema\/person\/image\/"},"sameAs":["https:\/\/blogdodjacirpereira.com.br\/blog\/","https:\/\/www.facebook.com\/BlogDjacirPereira","https:\/\/www.instagram.com\/djacirpereira\/","https:\/\/www.youtube.com\/c\/blogdodjacirpereira\/videos"],"url":"https:\/\/blogdodjacirpereira.com.br\/blog\/index.php\/author\/djacyr\/"}]}},"_links":{"self":[{"href":"https:\/\/blogdodjacirpereira.com.br\/blog\/index.php\/wp-json\/wp\/v2\/posts\/55174","targetHints":{"allow":["GET"]}}],"collection":[{"href":"https:\/\/blogdodjacirpereira.com.br\/blog\/index.php\/wp-json\/wp\/v2\/posts"}],"about":[{"href":"https:\/\/blogdodjacirpereira.com.br\/blog\/index.php\/wp-json\/wp\/v2\/types\/post"}],"author":[{"embeddable":true,"href":"https:\/\/blogdodjacirpereira.com.br\/blog\/index.php\/wp-json\/wp\/v2\/users\/2"}],"replies":[{"embeddable":true,"href":"https:\/\/blogdodjacirpereira.com.br\/blog\/index.php\/wp-json\/wp\/v2\/comments?post=55174"}],"version-history":[{"count":3,"href":"https:\/\/blogdodjacirpereira.com.br\/blog\/index.php\/wp-json\/wp\/v2\/posts\/55174\/revisions"}],"predecessor-version":[{"id":55187,"href":"https:\/\/blogdodjacirpereira.com.br\/blog\/index.php\/wp-json\/wp\/v2\/posts\/55174\/revisions\/55187"}],"wp:featuredmedia":[{"embeddable":true,"href":"https:\/\/blogdodjacirpereira.com.br\/blog\/index.php\/wp-json\/wp\/v2\/media\/55185"}],"wp:attachment":[{"href":"https:\/\/blogdodjacirpereira.com.br\/blog\/index.php\/wp-json\/wp\/v2\/media?parent=55174"}],"wp:term":[{"taxonomy":"category","embeddable":true,"href":"https:\/\/blogdodjacirpereira.com.br\/blog\/index.php\/wp-json\/wp\/v2\/categories?post=55174"},{"taxonomy":"post_tag","embeddable":true,"href":"https:\/\/blogdodjacirpereira.com.br\/blog\/index.php\/wp-json\/wp\/v2\/tags?post=55174"}],"curies":[{"name":"wp","href":"https:\/\/api.w.org\/{rel}","templated":true}]}}