{"id":55188,"date":"2026-09-05T12:29:55","date_gmt":"2026-09-05T15:29:55","guid":{"rendered":"https:\/\/blogdodjacirpereira.com.br\/blog\/?p=55188"},"modified":"2026-09-05T12:30:33","modified_gmt":"2026-09-05T15:30:33","slug":"apos-cirurgia-de-adenoide-e-amigdalas-crianca-recebe-visita-de-acompanhamento-de-val-da-saude-em-tavares","status":"publish","type":"post","link":"https:\/\/blogdodjacirpereira.com.br\/blog\/index.php\/2026\/09\/05\/apos-cirurgia-de-adenoide-e-amigdalas-crianca-recebe-visita-de-acompanhamento-de-val-da-saude-em-tavares\/","title":{"rendered":"Ap\u00f3s cirurgia de adenoide e am\u00edgdalas, crian\u00e7a recebe visita de acompanhamento de Val da Sa\u00fade em Tavares"},"content":{"rendered":"<p><span style=\"font-size: 18pt\">O acompanhamento de pacientes que passaram por procedimentos cir\u00fargicos segue sendo realizado no munic\u00edpio de Tavares. Na manh\u00e3 deste s\u00e1bado (5), Lourival Pereira Filho (Val da Sa\u00fade), visitou o pequeno Alerrandro Cristiano, que se recupera de uma cirurgia de adenoide e am\u00edgdalas realizada no \u00faltimo dia 23 de julho.<\/span><\/p>\n<p><span style=\"font-size: 18pt\">Durante a visita, Val conversou com os familiares e acompanhou a evolu\u00e7\u00e3o do quadro cl\u00ednico da crian\u00e7a. De acordo com os pais, a recupera\u00e7\u00e3o ocorre de forma satisfat\u00f3ria, resultado que atribuem ao atendimento recebido por meio da rede municipal de sa\u00fade.<\/span><\/p>\n<p><span style=\"font-size: 18pt\">Na oportunidade, a fam\u00edlia agradeceu ao prefeito Coco de Od\u00e1lio, \u00e0 secret\u00e1ria municipal de Sa\u00fade, M\u00e1rcia Marques, e a Val da Sa\u00fade pelo apoio prestado durante todas as etapas do processo, desde o encaminhamento para o procedimento cir\u00fargico at\u00e9 o acompanhamento, ap\u00f3s a cirurgia.<\/span><\/p>\n<p><span style=\"font-size: 18pt\">Segundo os familiares, a assist\u00eancia e o acompanhamento oferecidos proporcionaram mais seguran\u00e7a durante o tratamento, refor\u00e7ando a import\u00e2ncia do suporte prestado aos pacientes atendidos pelo sistema municipal de sa\u00fade.<\/span><\/p>\n<p><span style=\"font-size: 18pt\">A visita foi acompanhada por Paulo Alexsander, filho de Val da Sa\u00fade, que tamb\u00e9m esteve presente no momento de reencontro com a fam\u00edlia.<\/span><\/p>\n","protected":false},"excerpt":{"rendered":"<p>O acompanhamento de pacientes que passaram por procedimentos cir\u00fargicos segue sendo realizado no munic\u00edpio de Tavares. Na manh\u00e3 deste s\u00e1bado (5), Lourival Pereira Filho (Val da Sa\u00fade), visitou o pequeno Alerrandro Cristiano, que se recupera de uma cirurgia de adenoide e am\u00edgdalas realizada no \u00faltimo dia 23 de julho. Durante a visita, Val conversou com &#8230; <a title=\"Ap\u00f3s cirurgia de adenoide e am\u00edgdalas, crian\u00e7a recebe visita de acompanhamento de Val da Sa\u00fade em Tavares\" class=\"read-more\" href=\"https:\/\/blogdodjacirpereira.com.br\/blog\/index.php\/2026\/09\/05\/apos-cirurgia-de-adenoide-e-amigdalas-crianca-recebe-visita-de-acompanhamento-de-val-da-saude-em-tavares\/\" aria-label=\"More on Ap\u00f3s cirurgia de adenoide e am\u00edgdalas, crian\u00e7a recebe visita de acompanhamento de Val da Sa\u00fade em Tavares\">Leia mais<\/a><\/p>\n","protected":false},"author":2,"featured_media":55189,"comment_status":"open","ping_status":"open","sticky":false,"template":"","format":"standard","meta":{"footnotes":""},"categories":[35],"tags":[],"class_list":["post-55188","post","type-post","status-publish","format-standard","has-post-thumbnail","hentry","category-destaque"],"yoast_head":"<!-- This site is optimized with the Yoast SEO plugin v26.6 - https:\/\/yoast.com\/wordpress\/plugins\/seo\/ -->\n<title>Ap\u00f3s cirurgia de adenoide e am\u00edgdalas, crian\u00e7a recebe visita de acompanhamento de Val da Sa\u00fade em Tavares - Blog do Djacir Pereira<\/title>\n<meta name=\"robots\" content=\"index, follow, max-snippet:-1, max-image-preview:large, max-video-preview:-1\" \/>\n<link rel=\"canonical\" href=\"https:\/\/blogdodjacirpereira.com.br\/blog\/index.php\/2026\/09\/05\/apos-cirurgia-de-adenoide-e-amigdalas-crianca-recebe-visita-de-acompanhamento-de-val-da-saude-em-tavares\/\" \/>\n<meta property=\"og:locale\" content=\"pt_BR\" \/>\n<meta property=\"og:type\" content=\"article\" \/>\n<meta property=\"og:title\" content=\"Ap\u00f3s cirurgia de adenoide e am\u00edgdalas, crian\u00e7a recebe visita de acompanhamento de Val da Sa\u00fade em Tavares - Blog do Djacir Pereira\" \/>\n<meta property=\"og:description\" content=\"O acompanhamento de pacientes que passaram por procedimentos cir\u00fargicos segue sendo realizado no munic\u00edpio de Tavares. Na manh\u00e3 deste s\u00e1bado (5), Lourival Pereira Filho (Val da Sa\u00fade), visitou o pequeno Alerrandro Cristiano, que se recupera de uma cirurgia de adenoide e am\u00edgdalas realizada no \u00faltimo dia 23 de julho. Durante a visita, Val conversou com ... Leia mais\" \/>\n<meta property=\"og:url\" content=\"https:\/\/blogdodjacirpereira.com.br\/blog\/index.php\/2026\/09\/05\/apos-cirurgia-de-adenoide-e-amigdalas-crianca-recebe-visita-de-acompanhamento-de-val-da-saude-em-tavares\/\" \/>\n<meta property=\"og:site_name\" content=\"Blog do Djacir Pereira\" \/>\n<meta property=\"article:publisher\" content=\"https:\/\/www.facebook.com\/BlogDjacirPereira\" \/>\n<meta property=\"article:author\" content=\"https:\/\/www.facebook.com\/BlogDjacirPereira\" \/>\n<meta property=\"article:published_time\" content=\"2026-09-05T15:29:55+00:00\" \/>\n<meta property=\"article:modified_time\" content=\"2026-09-05T15:30:33+00:00\" \/>\n<meta property=\"og:image\" content=\"https:\/\/blogdodjacirpereira.com.br\/blog\/wp-content\/uploads\/2026\/09\/fbf7666c-58b6-4711-9009-bf663ab644bd.jpeg\" \/>\n\t<meta property=\"og:image:width\" content=\"1599\" \/>\n\t<meta property=\"og:image:height\" content=\"899\" \/>\n\t<meta property=\"og:image:type\" content=\"image\/jpeg\" \/>\n<meta name=\"author\" content=\"Djacir Pereira\" \/>\n<meta name=\"twitter:card\" content=\"summary_large_image\" \/>\n<meta name=\"twitter:label1\" content=\"Escrito por\" \/>\n\t<meta name=\"twitter:data1\" content=\"Djacir Pereira\" \/>\n\t<meta name=\"twitter:label2\" content=\"Est. tempo de leitura\" \/>\n\t<meta name=\"twitter:data2\" content=\"2 minutos\" \/>\n<script type=\"application\/ld+json\" class=\"yoast-schema-graph\">{\"@context\":\"https:\/\/schema.org\",\"@graph\":[{\"@type\":\"Article\",\"@id\":\"https:\/\/blogdodjacirpereira.com.br\/blog\/index.php\/2026\/09\/05\/apos-cirurgia-de-adenoide-e-amigdalas-crianca-recebe-visita-de-acompanhamento-de-val-da-saude-em-tavares\/#article\",\"isPartOf\":{\"@id\":\"https:\/\/blogdodjacirpereira.com.br\/blog\/index.php\/2026\/09\/05\/apos-cirurgia-de-adenoide-e-amigdalas-crianca-recebe-visita-de-acompanhamento-de-val-da-saude-em-tavares\/\"},\"author\":{\"name\":\"Djacir Pereira\",\"@id\":\"https:\/\/blogdodjacirpereira.com.br\/blog\/#\/schema\/person\/1b0e6c6e04fed652ddcca99f93ad336f\"},\"headline\":\"Ap\u00f3s cirurgia de adenoide e am\u00edgdalas, crian\u00e7a recebe visita de acompanhamento de Val da Sa\u00fade em Tavares\",\"datePublished\":\"2026-09-05T15:29:55+00:00\",\"dateModified\":\"2026-09-05T15:30:33+00:00\",\"mainEntityOfPage\":{\"@id\":\"https:\/\/blogdodjacirpereira.com.br\/blog\/index.php\/2026\/09\/05\/apos-cirurgia-de-adenoide-e-amigdalas-crianca-recebe-visita-de-acompanhamento-de-val-da-saude-em-tavares\/\"},\"wordCount\":231,\"commentCount\":0,\"publisher\":{\"@id\":\"https:\/\/blogdodjacirpereira.com.br\/blog\/#\/schema\/person\/1b0e6c6e04fed652ddcca99f93ad336f\"},\"image\":{\"@id\":\"https:\/\/blogdodjacirpereira.com.br\/blog\/index.php\/2026\/09\/05\/apos-cirurgia-de-adenoide-e-amigdalas-crianca-recebe-visita-de-acompanhamento-de-val-da-saude-em-tavares\/#primaryimage\"},\"thumbnailUrl\":\"https:\/\/blogdodjacirpereira.com.br\/blog\/wp-content\/uploads\/2026\/09\/fbf7666c-58b6-4711-9009-bf663ab644bd.jpeg\",\"articleSection\":[\"Destaque\"],\"inLanguage\":\"pt-BR\",\"potentialAction\":[{\"@type\":\"CommentAction\",\"name\":\"Comment\",\"target\":[\"https:\/\/blogdodjacirpereira.com.br\/blog\/index.php\/2026\/09\/05\/apos-cirurgia-de-adenoide-e-amigdalas-crianca-recebe-visita-de-acompanhamento-de-val-da-saude-em-tavares\/#respond\"]}]},{\"@type\":\"WebPage\",\"@id\":\"https:\/\/blogdodjacirpereira.com.br\/blog\/index.php\/2026\/09\/05\/apos-cirurgia-de-adenoide-e-amigdalas-crianca-recebe-visita-de-acompanhamento-de-val-da-saude-em-tavares\/\",\"url\":\"https:\/\/blogdodjacirpereira.com.br\/blog\/index.php\/2026\/09\/05\/apos-cirurgia-de-adenoide-e-amigdalas-crianca-recebe-visita-de-acompanhamento-de-val-da-saude-em-tavares\/\",\"name\":\"Ap\u00f3s cirurgia de adenoide e am\u00edgdalas, crian\u00e7a recebe visita de acompanhamento de Val da Sa\u00fade em Tavares - Blog do Djacir Pereira\",\"isPartOf\":{\"@id\":\"https:\/\/blogdodjacirpereira.com.br\/blog\/#website\"},\"primaryImageOfPage\":{\"@id\":\"https:\/\/blogdodjacirpereira.com.br\/blog\/index.php\/2026\/09\/05\/apos-cirurgia-de-adenoide-e-amigdalas-crianca-recebe-visita-de-acompanhamento-de-val-da-saude-em-tavares\/#primaryimage\"},\"image\":{\"@id\":\"https:\/\/blogdodjacirpereira.com.br\/blog\/index.php\/2026\/09\/05\/apos-cirurgia-de-adenoide-e-amigdalas-crianca-recebe-visita-de-acompanhamento-de-val-da-saude-em-tavares\/#primaryimage\"},\"thumbnailUrl\":\"https:\/\/blogdodjacirpereira.com.br\/blog\/wp-content\/uploads\/2026\/09\/fbf7666c-58b6-4711-9009-bf663ab644bd.jpeg\",\"datePublished\":\"2026-09-05T15:29:55+00:00\",\"dateModified\":\"2026-09-05T15:30:33+00:00\",\"breadcrumb\":{\"@id\":\"https:\/\/blogdodjacirpereira.com.br\/blog\/index.php\/2026\/09\/05\/apos-cirurgia-de-adenoide-e-amigdalas-crianca-recebe-visita-de-acompanhamento-de-val-da-saude-em-tavares\/#breadcrumb\"},\"inLanguage\":\"pt-BR\",\"potentialAction\":[{\"@type\":\"ReadAction\",\"target\":[\"https:\/\/blogdodjacirpereira.com.br\/blog\/index.php\/2026\/09\/05\/apos-cirurgia-de-adenoide-e-amigdalas-crianca-recebe-visita-de-acompanhamento-de-val-da-saude-em-tavares\/\"]}]},{\"@type\":\"ImageObject\",\"inLanguage\":\"pt-BR\",\"@id\":\"https:\/\/blogdodjacirpereira.com.br\/blog\/index.php\/2026\/09\/05\/apos-cirurgia-de-adenoide-e-amigdalas-crianca-recebe-visita-de-acompanhamento-de-val-da-saude-em-tavares\/#primaryimage\",\"url\":\"https:\/\/blogdodjacirpereira.com.br\/blog\/wp-content\/uploads\/2026\/09\/fbf7666c-58b6-4711-9009-bf663ab644bd.jpeg\",\"contentUrl\":\"https:\/\/blogdodjacirpereira.com.br\/blog\/wp-content\/uploads\/2026\/09\/fbf7666c-58b6-4711-9009-bf663ab644bd.jpeg\",\"width\":1599,\"height\":899},{\"@type\":\"BreadcrumbList\",\"@id\":\"https:\/\/blogdodjacirpereira.com.br\/blog\/index.php\/2026\/09\/05\/apos-cirurgia-de-adenoide-e-amigdalas-crianca-recebe-visita-de-acompanhamento-de-val-da-saude-em-tavares\/#breadcrumb\",\"itemListElement\":[{\"@type\":\"ListItem\",\"position\":1,\"name\":\"In\u00edcio\",\"item\":\"https:\/\/blogdodjacirpereira.com.br\/blog\/\"},{\"@type\":\"ListItem\",\"position\":2,\"name\":\"Ap\u00f3s cirurgia de adenoide e am\u00edgdalas, crian\u00e7a recebe visita de acompanhamento de Val da Sa\u00fade em Tavares\"}]},{\"@type\":\"WebSite\",\"@id\":\"https:\/\/blogdodjacirpereira.com.br\/blog\/#website\",\"url\":\"https:\/\/blogdodjacirpereira.com.br\/blog\/\",\"name\":\"blog do Djacir Pereira\",\"description\":\"\",\"publisher\":{\"@id\":\"https:\/\/blogdodjacirpereira.com.br\/blog\/#\/schema\/person\/1b0e6c6e04fed652ddcca99f93ad336f\"},\"alternateName\":\"blog do Djacir Pereira\",\"potentialAction\":[{\"@type\":\"SearchAction\",\"target\":{\"@type\":\"EntryPoint\",\"urlTemplate\":\"https:\/\/blogdodjacirpereira.com.br\/blog\/?s={search_term_string}\"},\"query-input\":{\"@type\":\"PropertyValueSpecification\",\"valueRequired\":true,\"valueName\":\"search_term_string\"}}],\"inLanguage\":\"pt-BR\"},{\"@type\":[\"Person\",\"Organization\"],\"@id\":\"https:\/\/blogdodjacirpereira.com.br\/blog\/#\/schema\/person\/1b0e6c6e04fed652ddcca99f93ad336f\",\"name\":\"Djacir Pereira\",\"image\":{\"@type\":\"ImageObject\",\"inLanguage\":\"pt-BR\",\"@id\":\"https:\/\/blogdodjacirpereira.com.br\/blog\/#\/schema\/person\/image\/\",\"url\":\"https:\/\/blogdodjacirpereira.com.br\/blog\/wp-content\/uploads\/2022\/05\/LOGOMARCA5.jpg\",\"contentUrl\":\"https:\/\/blogdodjacirpereira.com.br\/blog\/wp-content\/uploads\/2022\/05\/LOGOMARCA5.jpg\",\"width\":945,\"height\":945,\"caption\":\"Djacir Pereira\"},\"logo\":{\"@id\":\"https:\/\/blogdodjacirpereira.com.br\/blog\/#\/schema\/person\/image\/\"},\"sameAs\":[\"https:\/\/blogdodjacirpereira.com.br\/blog\/\",\"https:\/\/www.facebook.com\/BlogDjacirPereira\",\"https:\/\/www.instagram.com\/djacirpereira\/\",\"https:\/\/www.youtube.com\/c\/blogdodjacirpereira\/videos\"],\"url\":\"https:\/\/blogdodjacirpereira.com.br\/blog\/index.php\/author\/djacyr\/\"}]}<\/script>\n<!-- \/ Yoast SEO plugin. -->","yoast_head_json":{"title":"Ap\u00f3s cirurgia de adenoide e am\u00edgdalas, crian\u00e7a recebe visita de acompanhamento de Val da Sa\u00fade em Tavares - Blog do Djacir Pereira","robots":{"index":"index","follow":"follow","max-snippet":"max-snippet:-1","max-image-preview":"max-image-preview:large","max-video-preview":"max-video-preview:-1"},"canonical":"https:\/\/blogdodjacirpereira.com.br\/blog\/index.php\/2026\/09\/05\/apos-cirurgia-de-adenoide-e-amigdalas-crianca-recebe-visita-de-acompanhamento-de-val-da-saude-em-tavares\/","og_locale":"pt_BR","og_type":"article","og_title":"Ap\u00f3s cirurgia de adenoide e am\u00edgdalas, crian\u00e7a recebe visita de acompanhamento de Val da Sa\u00fade em Tavares - Blog do Djacir Pereira","og_description":"O acompanhamento de pacientes que passaram por procedimentos cir\u00fargicos segue sendo realizado no munic\u00edpio de Tavares. Na manh\u00e3 deste s\u00e1bado (5), Lourival Pereira Filho (Val da Sa\u00fade), visitou o pequeno Alerrandro Cristiano, que se recupera de uma cirurgia de adenoide e am\u00edgdalas realizada no \u00faltimo dia 23 de julho. Durante a visita, Val conversou com ... Leia mais","og_url":"https:\/\/blogdodjacirpereira.com.br\/blog\/index.php\/2026\/09\/05\/apos-cirurgia-de-adenoide-e-amigdalas-crianca-recebe-visita-de-acompanhamento-de-val-da-saude-em-tavares\/","og_site_name":"Blog do Djacir Pereira","article_publisher":"https:\/\/www.facebook.com\/BlogDjacirPereira","article_author":"https:\/\/www.facebook.com\/BlogDjacirPereira","article_published_time":"2026-09-05T15:29:55+00:00","article_modified_time":"2026-09-05T15:30:33+00:00","og_image":[{"width":1599,"height":899,"url":"https:\/\/blogdodjacirpereira.com.br\/blog\/wp-content\/uploads\/2026\/09\/fbf7666c-58b6-4711-9009-bf663ab644bd.jpeg","type":"image\/jpeg"}],"author":"Djacir Pereira","twitter_card":"summary_large_image","twitter_misc":{"Escrito por":"Djacir Pereira","Est. tempo de leitura":"2 minutos"},"schema":{"@context":"https:\/\/schema.org","@graph":[{"@type":"Article","@id":"https:\/\/blogdodjacirpereira.com.br\/blog\/index.php\/2026\/09\/05\/apos-cirurgia-de-adenoide-e-amigdalas-crianca-recebe-visita-de-acompanhamento-de-val-da-saude-em-tavares\/#article","isPartOf":{"@id":"https:\/\/blogdodjacirpereira.com.br\/blog\/index.php\/2026\/09\/05\/apos-cirurgia-de-adenoide-e-amigdalas-crianca-recebe-visita-de-acompanhamento-de-val-da-saude-em-tavares\/"},"author":{"name":"Djacir Pereira","@id":"https:\/\/blogdodjacirpereira.com.br\/blog\/#\/schema\/person\/1b0e6c6e04fed652ddcca99f93ad336f"},"headline":"Ap\u00f3s cirurgia de adenoide e am\u00edgdalas, crian\u00e7a recebe visita de acompanhamento de Val da Sa\u00fade em Tavares","datePublished":"2026-09-05T15:29:55+00:00","dateModified":"2026-09-05T15:30:33+00:00","mainEntityOfPage":{"@id":"https:\/\/blogdodjacirpereira.com.br\/blog\/index.php\/2026\/09\/05\/apos-cirurgia-de-adenoide-e-amigdalas-crianca-recebe-visita-de-acompanhamento-de-val-da-saude-em-tavares\/"},"wordCount":231,"commentCount":0,"publisher":{"@id":"https:\/\/blogdodjacirpereira.com.br\/blog\/#\/schema\/person\/1b0e6c6e04fed652ddcca99f93ad336f"},"image":{"@id":"https:\/\/blogdodjacirpereira.com.br\/blog\/index.php\/2026\/09\/05\/apos-cirurgia-de-adenoide-e-amigdalas-crianca-recebe-visita-de-acompanhamento-de-val-da-saude-em-tavares\/#primaryimage"},"thumbnailUrl":"https:\/\/blogdodjacirpereira.com.br\/blog\/wp-content\/uploads\/2026\/09\/fbf7666c-58b6-4711-9009-bf663ab644bd.jpeg","articleSection":["Destaque"],"inLanguage":"pt-BR","potentialAction":[{"@type":"CommentAction","name":"Comment","target":["https:\/\/blogdodjacirpereira.com.br\/blog\/index.php\/2026\/09\/05\/apos-cirurgia-de-adenoide-e-amigdalas-crianca-recebe-visita-de-acompanhamento-de-val-da-saude-em-tavares\/#respond"]}]},{"@type":"WebPage","@id":"https:\/\/blogdodjacirpereira.com.br\/blog\/index.php\/2026\/09\/05\/apos-cirurgia-de-adenoide-e-amigdalas-crianca-recebe-visita-de-acompanhamento-de-val-da-saude-em-tavares\/","url":"https:\/\/blogdodjacirpereira.com.br\/blog\/index.php\/2026\/09\/05\/apos-cirurgia-de-adenoide-e-amigdalas-crianca-recebe-visita-de-acompanhamento-de-val-da-saude-em-tavares\/","name":"Ap\u00f3s cirurgia de adenoide e am\u00edgdalas, crian\u00e7a recebe visita de acompanhamento de Val da Sa\u00fade em Tavares - Blog do Djacir Pereira","isPartOf":{"@id":"https:\/\/blogdodjacirpereira.com.br\/blog\/#website"},"primaryImageOfPage":{"@id":"https:\/\/blogdodjacirpereira.com.br\/blog\/index.php\/2026\/09\/05\/apos-cirurgia-de-adenoide-e-amigdalas-crianca-recebe-visita-de-acompanhamento-de-val-da-saude-em-tavares\/#primaryimage"},"image":{"@id":"https:\/\/blogdodjacirpereira.com.br\/blog\/index.php\/2026\/09\/05\/apos-cirurgia-de-adenoide-e-amigdalas-crianca-recebe-visita-de-acompanhamento-de-val-da-saude-em-tavares\/#primaryimage"},"thumbnailUrl":"https:\/\/blogdodjacirpereira.com.br\/blog\/wp-content\/uploads\/2026\/09\/fbf7666c-58b6-4711-9009-bf663ab644bd.jpeg","datePublished":"2026-09-05T15:29:55+00:00","dateModified":"2026-09-05T15:30:33+00:00","breadcrumb":{"@id":"https:\/\/blogdodjacirpereira.com.br\/blog\/index.php\/2026\/09\/05\/apos-cirurgia-de-adenoide-e-amigdalas-crianca-recebe-visita-de-acompanhamento-de-val-da-saude-em-tavares\/#breadcrumb"},"inLanguage":"pt-BR","potentialAction":[{"@type":"ReadAction","target":["https:\/\/blogdodjacirpereira.com.br\/blog\/index.php\/2026\/09\/05\/apos-cirurgia-de-adenoide-e-amigdalas-crianca-recebe-visita-de-acompanhamento-de-val-da-saude-em-tavares\/"]}]},{"@type":"ImageObject","inLanguage":"pt-BR","@id":"https:\/\/blogdodjacirpereira.com.br\/blog\/index.php\/2026\/09\/05\/apos-cirurgia-de-adenoide-e-amigdalas-crianca-recebe-visita-de-acompanhamento-de-val-da-saude-em-tavares\/#primaryimage","url":"https:\/\/blogdodjacirpereira.com.br\/blog\/wp-content\/uploads\/2026\/09\/fbf7666c-58b6-4711-9009-bf663ab644bd.jpeg","contentUrl":"https:\/\/blogdodjacirpereira.com.br\/blog\/wp-content\/uploads\/2026\/09\/fbf7666c-58b6-4711-9009-bf663ab644bd.jpeg","width":1599,"height":899},{"@type":"BreadcrumbList","@id":"https:\/\/blogdodjacirpereira.com.br\/blog\/index.php\/2026\/09\/05\/apos-cirurgia-de-adenoide-e-amigdalas-crianca-recebe-visita-de-acompanhamento-de-val-da-saude-em-tavares\/#breadcrumb","itemListElement":[{"@type":"ListItem","position":1,"name":"In\u00edcio","item":"https:\/\/blogdodjacirpereira.com.br\/blog\/"},{"@type":"ListItem","position":2,"name":"Ap\u00f3s cirurgia de adenoide e am\u00edgdalas, crian\u00e7a recebe visita de acompanhamento de Val da Sa\u00fade em Tavares"}]},{"@type":"WebSite","@id":"https:\/\/blogdodjacirpereira.com.br\/blog\/#website","url":"https:\/\/blogdodjacirpereira.com.br\/blog\/","name":"blog do Djacir Pereira","description":"","publisher":{"@id":"https:\/\/blogdodjacirpereira.com.br\/blog\/#\/schema\/person\/1b0e6c6e04fed652ddcca99f93ad336f"},"alternateName":"blog do Djacir Pereira","potentialAction":[{"@type":"SearchAction","target":{"@type":"EntryPoint","urlTemplate":"https:\/\/blogdodjacirpereira.com.br\/blog\/?s={search_term_string}"},"query-input":{"@type":"PropertyValueSpecification","valueRequired":true,"valueName":"search_term_string"}}],"inLanguage":"pt-BR"},{"@type":["Person","Organization"],"@id":"https:\/\/blogdodjacirpereira.com.br\/blog\/#\/schema\/person\/1b0e6c6e04fed652ddcca99f93ad336f","name":"Djacir Pereira","image":{"@type":"ImageObject","inLanguage":"pt-BR","@id":"https:\/\/blogdodjacirpereira.com.br\/blog\/#\/schema\/person\/image\/","url":"https:\/\/blogdodjacirpereira.com.br\/blog\/wp-content\/uploads\/2022\/05\/LOGOMARCA5.jpg","contentUrl":"https:\/\/blogdodjacirpereira.com.br\/blog\/wp-content\/uploads\/2022\/05\/LOGOMARCA5.jpg","width":945,"height":945,"caption":"Djacir Pereira"},"logo":{"@id":"https:\/\/blogdodjacirpereira.com.br\/blog\/#\/schema\/person\/image\/"},"sameAs":["https:\/\/blogdodjacirpereira.com.br\/blog\/","https:\/\/www.facebook.com\/BlogDjacirPereira","https:\/\/www.instagram.com\/djacirpereira\/","https:\/\/www.youtube.com\/c\/blogdodjacirpereira\/videos"],"url":"https:\/\/blogdodjacirpereira.com.br\/blog\/index.php\/author\/djacyr\/"}]}},"_links":{"self":[{"href":"https:\/\/blogdodjacirpereira.com.br\/blog\/index.php\/wp-json\/wp\/v2\/posts\/55188","targetHints":{"allow":["GET"]}}],"collection":[{"href":"https:\/\/blogdodjacirpereira.com.br\/blog\/index.php\/wp-json\/wp\/v2\/posts"}],"about":[{"href":"https:\/\/blogdodjacirpereira.com.br\/blog\/index.php\/wp-json\/wp\/v2\/types\/post"}],"author":[{"embeddable":true,"href":"https:\/\/blogdodjacirpereira.com.br\/blog\/index.php\/wp-json\/wp\/v2\/users\/2"}],"replies":[{"embeddable":true,"href":"https:\/\/blogdodjacirpereira.com.br\/blog\/index.php\/wp-json\/wp\/v2\/comments?post=55188"}],"version-history":[{"count":2,"href":"https:\/\/blogdodjacirpereira.com.br\/blog\/index.php\/wp-json\/wp\/v2\/posts\/55188\/revisions"}],"predecessor-version":[{"id":55191,"href":"https:\/\/blogdodjacirpereira.com.br\/blog\/index.php\/wp-json\/wp\/v2\/posts\/55188\/revisions\/55191"}],"wp:featuredmedia":[{"embeddable":true,"href":"https:\/\/blogdodjacirpereira.com.br\/blog\/index.php\/wp-json\/wp\/v2\/media\/55189"}],"wp:attachment":[{"href":"https:\/\/blogdodjacirpereira.com.br\/blog\/index.php\/wp-json\/wp\/v2\/media?parent=55188"}],"wp:term":[{"taxonomy":"category","embeddable":true,"href":"https:\/\/blogdodjacirpereira.com.br\/blog\/index.php\/wp-json\/wp\/v2\/categories?post=55188"},{"taxonomy":"post_tag","embeddable":true,"href":"https:\/\/blogdodjacirpereira.com.br\/blog\/index.php\/wp-json\/wp\/v2\/tags?post=55188"}],"curies":[{"name":"wp","href":"https:\/\/api.w.org\/{rel}","templated":true}]}}