{"id":55192,"date":"2026-09-05T18:37:42","date_gmt":"2026-09-05T21:37:42","guid":{"rendered":"https:\/\/blogdodjacirpereira.com.br\/blog\/?p=55192"},"modified":"2026-09-05T18:41:35","modified_gmt":"2026-09-05T21:41:35","slug":"prefeito-coco-de-odalio-amplia-base-e-anuncia-adesao-de-mais-tres-familias-em-tavares","status":"publish","type":"post","link":"https:\/\/blogdodjacirpereira.com.br\/blog\/index.php\/2026\/09\/05\/prefeito-coco-de-odalio-amplia-base-e-anuncia-adesao-de-mais-tres-familias-em-tavares\/","title":{"rendered":"Prefeito Coco de Od\u00e1lio amplia base e anuncia ades\u00e3o de mais tr\u00eas fam\u00edlias em Tavares"},"content":{"rendered":"<p><span style=\"font-size: 18pt\">O prefeito de Tavares, no Sert\u00e3o da Para\u00edba, Genildo Jos\u00e9 da Silva, o Coco de Od\u00e1lio, segue fortalecendo o grupo de situa\u00e7\u00e3o no munic\u00edpio com novas ades\u00f5es.<\/span><\/p>\n<p><span style=\"font-size: 18pt\">Neste s\u00e1bado (5\/9), mais tr\u00eas fam\u00edlias declararam apoio ao projeto pol\u00edtico do gestor. Zuca, Heleno e Carla, e C\u00edcero de Iracema confirmaram que passam a integrar a base governista.<\/span><\/p>\n<p><span style=\"font-size: 18pt\">Ao dar as boas-vindas aos novos aliados, Coco de Od\u00e1lio agradeceu a confian\u00e7a no trabalho desenvolvido pela gest\u00e3o.<\/span><\/p>\n<p><span style=\"font-size: 18pt\">&#8220;Sejam muito bem-vindos, meus amigos e amigas. Agrade\u00e7o pelo apoio, pela confian\u00e7a e pelo reconhecimento do nosso trabalho. Vamos juntos com Lucas Ribeiro, Jo\u00e3o Azevedo, Wilson Filho, Dami\u00e3o Feliciano, Nabor Wanderley e Luiz In\u00e1cio Lula da Silva (o Lula)&#8221;, destacou o prefeito.<\/span><\/p>\n<p><span style=\"font-size: 18pt\">Com as novas ades\u00f5es, o gestor refor\u00e7a sua for\u00e7a pol\u00edtica e amplia o time para os pr\u00f3ximos desafios em Tavares.<\/span><\/p>\n<div id='gallery-1' class='gallery galleryid-55192 gallery-columns-3 gallery-size-thumbnail'><figure class='gallery-item'>\n\t\t\t<div class='gallery-icon landscape'>\n\t\t\t\t<a href='https:\/\/blogdodjacirpereira.com.br\/blog\/index.php\/2026\/09\/05\/prefeito-coco-de-odalio-amplia-base-e-anuncia-adesao-de-mais-tres-familias-em-tavares\/img_5743\/#main'><img decoding=\"async\" width=\"150\" height=\"150\" src=\"https:\/\/blogdodjacirpereira.com.br\/blog\/wp-content\/uploads\/2026\/09\/IMG_5743-150x150.jpeg\" class=\"attachment-thumbnail size-thumbnail\" alt=\"\" srcset=\"https:\/\/blogdodjacirpereira.com.br\/blog\/wp-content\/uploads\/2026\/09\/IMG_5743-150x150.jpeg 150w, https:\/\/blogdodjacirpereira.com.br\/blog\/wp-content\/uploads\/2026\/09\/IMG_5743-300x300.jpeg 300w, https:\/\/blogdodjacirpereira.com.br\/blog\/wp-content\/uploads\/2026\/09\/IMG_5743-1024x1024.jpeg 1024w, https:\/\/blogdodjacirpereira.com.br\/blog\/wp-content\/uploads\/2026\/09\/IMG_5743-768x768.jpeg 768w, https:\/\/blogdodjacirpereira.com.br\/blog\/wp-content\/uploads\/2026\/09\/IMG_5743-500x500.jpeg 500w, https:\/\/blogdodjacirpereira.com.br\/blog\/wp-content\/uploads\/2026\/09\/IMG_5743.jpeg 1200w\" sizes=\"(max-width: 150px) 100vw, 150px\" \/><\/a>\n\t\t\t<\/div><\/figure><figure class='gallery-item'>\n\t\t\t<div class='gallery-icon portrait'>\n\t\t\t\t<a href='https:\/\/blogdodjacirpereira.com.br\/blog\/index.php\/2026\/09\/05\/prefeito-coco-de-odalio-amplia-base-e-anuncia-adesao-de-mais-tres-familias-em-tavares\/img_5742\/#main'><img decoding=\"async\" width=\"150\" height=\"150\" src=\"https:\/\/blogdodjacirpereira.com.br\/blog\/wp-content\/uploads\/2026\/09\/IMG_5742-150x150.jpeg\" class=\"attachment-thumbnail size-thumbnail\" alt=\"\" srcset=\"https:\/\/blogdodjacirpereira.com.br\/blog\/wp-content\/uploads\/2026\/09\/IMG_5742-150x150.jpeg 150w, https:\/\/blogdodjacirpereira.com.br\/blog\/wp-content\/uploads\/2026\/09\/IMG_5742-500x500.jpeg 500w\" sizes=\"(max-width: 150px) 100vw, 150px\" \/><\/a>\n\t\t\t<\/div><\/figure><figure class='gallery-item'>\n\t\t\t<div class='gallery-icon portrait'>\n\t\t\t\t<a href='https:\/\/blogdodjacirpereira.com.br\/blog\/index.php\/2026\/09\/05\/prefeito-coco-de-odalio-amplia-base-e-anuncia-adesao-de-mais-tres-familias-em-tavares\/img_5744\/#main'><img decoding=\"async\" width=\"150\" height=\"150\" src=\"https:\/\/blogdodjacirpereira.com.br\/blog\/wp-content\/uploads\/2026\/09\/IMG_5744-150x150.jpeg\" class=\"attachment-thumbnail size-thumbnail\" alt=\"\" srcset=\"https:\/\/blogdodjacirpereira.com.br\/blog\/wp-content\/uploads\/2026\/09\/IMG_5744-150x150.jpeg 150w, https:\/\/blogdodjacirpereira.com.br\/blog\/wp-content\/uploads\/2026\/09\/IMG_5744-500x500.jpeg 500w\" sizes=\"(max-width: 150px) 100vw, 150px\" \/><\/a>\n\t\t\t<\/div><\/figure>\n\t\t<\/div>\n\n","protected":false},"excerpt":{"rendered":"<p>O prefeito de Tavares, no Sert\u00e3o da Para\u00edba, Genildo Jos\u00e9 da Silva, o Coco de Od\u00e1lio, segue fortalecendo o grupo de situa\u00e7\u00e3o no munic\u00edpio com novas ades\u00f5es. Neste s\u00e1bado (5\/9), mais tr\u00eas fam\u00edlias declararam apoio ao projeto pol\u00edtico do gestor. Zuca, Heleno e Carla, e C\u00edcero de Iracema confirmaram que passam a integrar a base &#8230; <a title=\"Prefeito Coco de Od\u00e1lio amplia base e anuncia ades\u00e3o de mais tr\u00eas fam\u00edlias em Tavares\" class=\"read-more\" href=\"https:\/\/blogdodjacirpereira.com.br\/blog\/index.php\/2026\/09\/05\/prefeito-coco-de-odalio-amplia-base-e-anuncia-adesao-de-mais-tres-familias-em-tavares\/\" aria-label=\"More on Prefeito Coco de Od\u00e1lio amplia base e anuncia ades\u00e3o de mais tr\u00eas fam\u00edlias em Tavares\">Leia mais<\/a><\/p>\n","protected":false},"author":2,"featured_media":55193,"comment_status":"open","ping_status":"open","sticky":false,"template":"","format":"standard","meta":{"footnotes":""},"categories":[35],"tags":[],"class_list":["post-55192","post","type-post","status-publish","format-standard","has-post-thumbnail","hentry","category-destaque"],"yoast_head":"<!-- This site is optimized with the Yoast SEO plugin v26.6 - https:\/\/yoast.com\/wordpress\/plugins\/seo\/ -->\n<title>Prefeito Coco de Od\u00e1lio amplia base e anuncia ades\u00e3o de mais tr\u00eas fam\u00edlias em Tavares - Blog do Djacir Pereira<\/title>\n<meta name=\"robots\" content=\"index, follow, max-snippet:-1, max-image-preview:large, max-video-preview:-1\" \/>\n<link rel=\"canonical\" href=\"https:\/\/blogdodjacirpereira.com.br\/blog\/index.php\/2026\/09\/05\/prefeito-coco-de-odalio-amplia-base-e-anuncia-adesao-de-mais-tres-familias-em-tavares\/\" \/>\n<meta property=\"og:locale\" content=\"pt_BR\" \/>\n<meta property=\"og:type\" content=\"article\" \/>\n<meta property=\"og:title\" content=\"Prefeito Coco de Od\u00e1lio amplia base e anuncia ades\u00e3o de mais tr\u00eas fam\u00edlias em Tavares - Blog do Djacir Pereira\" \/>\n<meta property=\"og:description\" content=\"O prefeito de Tavares, no Sert\u00e3o da Para\u00edba, Genildo Jos\u00e9 da Silva, o Coco de Od\u00e1lio, segue fortalecendo o grupo de situa\u00e7\u00e3o no munic\u00edpio com novas ades\u00f5es. Neste s\u00e1bado (5\/9), mais tr\u00eas fam\u00edlias declararam apoio ao projeto pol\u00edtico do gestor. Zuca, Heleno e Carla, e C\u00edcero de Iracema confirmaram que passam a integrar a base ... Leia mais\" \/>\n<meta property=\"og:url\" content=\"https:\/\/blogdodjacirpereira.com.br\/blog\/index.php\/2026\/09\/05\/prefeito-coco-de-odalio-amplia-base-e-anuncia-adesao-de-mais-tres-familias-em-tavares\/\" \/>\n<meta property=\"og:site_name\" content=\"Blog do Djacir Pereira\" \/>\n<meta property=\"article:publisher\" content=\"https:\/\/www.facebook.com\/BlogDjacirPereira\" \/>\n<meta property=\"article:author\" content=\"https:\/\/www.facebook.com\/BlogDjacirPereira\" \/>\n<meta property=\"article:published_time\" content=\"2026-09-05T21:37:42+00:00\" \/>\n<meta property=\"article:modified_time\" content=\"2026-09-05T21:41:35+00:00\" \/>\n<meta property=\"og:image\" content=\"https:\/\/blogdodjacirpereira.com.br\/blog\/wp-content\/uploads\/2026\/09\/copy_D8977DEF-2F78-4724-8D88-C15109B20B00.jpeg\" \/>\n\t<meta property=\"og:image:width\" content=\"1199\" \/>\n\t<meta property=\"og:image:height\" content=\"529\" \/>\n\t<meta property=\"og:image:type\" content=\"image\/jpeg\" \/>\n<meta name=\"author\" content=\"Djacir Pereira\" \/>\n<meta name=\"twitter:card\" content=\"summary_large_image\" \/>\n<meta name=\"twitter:label1\" content=\"Escrito por\" \/>\n\t<meta name=\"twitter:data1\" content=\"Djacir Pereira\" \/>\n\t<meta name=\"twitter:label2\" content=\"Est. tempo de leitura\" \/>\n\t<meta name=\"twitter:data2\" content=\"1 minuto\" \/>\n<script type=\"application\/ld+json\" class=\"yoast-schema-graph\">{\"@context\":\"https:\/\/schema.org\",\"@graph\":[{\"@type\":\"Article\",\"@id\":\"https:\/\/blogdodjacirpereira.com.br\/blog\/index.php\/2026\/09\/05\/prefeito-coco-de-odalio-amplia-base-e-anuncia-adesao-de-mais-tres-familias-em-tavares\/#article\",\"isPartOf\":{\"@id\":\"https:\/\/blogdodjacirpereira.com.br\/blog\/index.php\/2026\/09\/05\/prefeito-coco-de-odalio-amplia-base-e-anuncia-adesao-de-mais-tres-familias-em-tavares\/\"},\"author\":{\"name\":\"Djacir Pereira\",\"@id\":\"https:\/\/blogdodjacirpereira.com.br\/blog\/#\/schema\/person\/1b0e6c6e04fed652ddcca99f93ad336f\"},\"headline\":\"Prefeito Coco de Od\u00e1lio amplia base e anuncia ades\u00e3o de mais tr\u00eas fam\u00edlias em Tavares\",\"datePublished\":\"2026-09-05T21:37:42+00:00\",\"dateModified\":\"2026-09-05T21:41:35+00:00\",\"mainEntityOfPage\":{\"@id\":\"https:\/\/blogdodjacirpereira.com.br\/blog\/index.php\/2026\/09\/05\/prefeito-coco-de-odalio-amplia-base-e-anuncia-adesao-de-mais-tres-familias-em-tavares\/\"},\"wordCount\":180,\"commentCount\":0,\"publisher\":{\"@id\":\"https:\/\/blogdodjacirpereira.com.br\/blog\/#\/schema\/person\/1b0e6c6e04fed652ddcca99f93ad336f\"},\"image\":{\"@id\":\"https:\/\/blogdodjacirpereira.com.br\/blog\/index.php\/2026\/09\/05\/prefeito-coco-de-odalio-amplia-base-e-anuncia-adesao-de-mais-tres-familias-em-tavares\/#primaryimage\"},\"thumbnailUrl\":\"https:\/\/blogdodjacirpereira.com.br\/blog\/wp-content\/uploads\/2026\/09\/copy_D8977DEF-2F78-4724-8D88-C15109B20B00.jpeg\",\"articleSection\":[\"Destaque\"],\"inLanguage\":\"pt-BR\",\"potentialAction\":[{\"@type\":\"CommentAction\",\"name\":\"Comment\",\"target\":[\"https:\/\/blogdodjacirpereira.com.br\/blog\/index.php\/2026\/09\/05\/prefeito-coco-de-odalio-amplia-base-e-anuncia-adesao-de-mais-tres-familias-em-tavares\/#respond\"]}]},{\"@type\":\"WebPage\",\"@id\":\"https:\/\/blogdodjacirpereira.com.br\/blog\/index.php\/2026\/09\/05\/prefeito-coco-de-odalio-amplia-base-e-anuncia-adesao-de-mais-tres-familias-em-tavares\/\",\"url\":\"https:\/\/blogdodjacirpereira.com.br\/blog\/index.php\/2026\/09\/05\/prefeito-coco-de-odalio-amplia-base-e-anuncia-adesao-de-mais-tres-familias-em-tavares\/\",\"name\":\"Prefeito Coco de Od\u00e1lio amplia base e anuncia ades\u00e3o de mais tr\u00eas fam\u00edlias em Tavares - Blog do Djacir Pereira\",\"isPartOf\":{\"@id\":\"https:\/\/blogdodjacirpereira.com.br\/blog\/#website\"},\"primaryImageOfPage\":{\"@id\":\"https:\/\/blogdodjacirpereira.com.br\/blog\/index.php\/2026\/09\/05\/prefeito-coco-de-odalio-amplia-base-e-anuncia-adesao-de-mais-tres-familias-em-tavares\/#primaryimage\"},\"image\":{\"@id\":\"https:\/\/blogdodjacirpereira.com.br\/blog\/index.php\/2026\/09\/05\/prefeito-coco-de-odalio-amplia-base-e-anuncia-adesao-de-mais-tres-familias-em-tavares\/#primaryimage\"},\"thumbnailUrl\":\"https:\/\/blogdodjacirpereira.com.br\/blog\/wp-content\/uploads\/2026\/09\/copy_D8977DEF-2F78-4724-8D88-C15109B20B00.jpeg\",\"datePublished\":\"2026-09-05T21:37:42+00:00\",\"dateModified\":\"2026-09-05T21:41:35+00:00\",\"breadcrumb\":{\"@id\":\"https:\/\/blogdodjacirpereira.com.br\/blog\/index.php\/2026\/09\/05\/prefeito-coco-de-odalio-amplia-base-e-anuncia-adesao-de-mais-tres-familias-em-tavares\/#breadcrumb\"},\"inLanguage\":\"pt-BR\",\"potentialAction\":[{\"@type\":\"ReadAction\",\"target\":[\"https:\/\/blogdodjacirpereira.com.br\/blog\/index.php\/2026\/09\/05\/prefeito-coco-de-odalio-amplia-base-e-anuncia-adesao-de-mais-tres-familias-em-tavares\/\"]}]},{\"@type\":\"ImageObject\",\"inLanguage\":\"pt-BR\",\"@id\":\"https:\/\/blogdodjacirpereira.com.br\/blog\/index.php\/2026\/09\/05\/prefeito-coco-de-odalio-amplia-base-e-anuncia-adesao-de-mais-tres-familias-em-tavares\/#primaryimage\",\"url\":\"https:\/\/blogdodjacirpereira.com.br\/blog\/wp-content\/uploads\/2026\/09\/copy_D8977DEF-2F78-4724-8D88-C15109B20B00.jpeg\",\"contentUrl\":\"https:\/\/blogdodjacirpereira.com.br\/blog\/wp-content\/uploads\/2026\/09\/copy_D8977DEF-2F78-4724-8D88-C15109B20B00.jpeg\",\"width\":1199,\"height\":529,\"caption\":\"{\\\"tiktok_developers_3p_anchor_params\\\":\\\"{\\\"capability_name\\\":\\\"capcut_photo_editor\\\",\\\"region\\\":\\\"BR\\\",\\\"enterFrom\\\":\\\"new_image\\\",\\\"os\\\":\\\"ios\\\",\\\"source_platform\\\":\\\"mobile_1\\\",\\\"pictureId\\\":\\\"CAC17387-49AE-40D8-A9CE-0F45350A0109\\\",\\\"editType\\\":\\\"image_edit\\\",\\\"product\\\":\\\"vicut\\\",\\\"client_key\\\":\\\"aw889s25wozf8s7e\\\",\\\"source_type\\\":\\\"vicut\\\",\\\"appVersion\\\":\\\"19.3.0\\\"}\\\",\\\"source_type\\\":\\\"vicut\\\",\\\"data\\\":{\\\"pictureId\\\":\\\"CAC17387-49AE-40D8-A9CE-0F45350A0109\\\",\\\"source_type\\\":\\\"vicut\\\",\\\"product\\\":\\\"vicut\\\",\\\"capability_name\\\":\\\"capcut_photo_editor\\\",\\\"editType\\\":\\\"image_edit\\\",\\\"region\\\":\\\"BR\\\",\\\"client_key\\\":\\\"aw889s25wozf8s7e\\\",\\\"appVersion\\\":\\\"19.3.0\\\",\\\"enterFrom\\\":\\\"new_image\\\",\\\"source_platform\\\":\\\"mobile_1\\\",\\\"os\\\":\\\"ios\\\"}}\"},{\"@type\":\"BreadcrumbList\",\"@id\":\"https:\/\/blogdodjacirpereira.com.br\/blog\/index.php\/2026\/09\/05\/prefeito-coco-de-odalio-amplia-base-e-anuncia-adesao-de-mais-tres-familias-em-tavares\/#breadcrumb\",\"itemListElement\":[{\"@type\":\"ListItem\",\"position\":1,\"name\":\"In\u00edcio\",\"item\":\"https:\/\/blogdodjacirpereira.com.br\/blog\/\"},{\"@type\":\"ListItem\",\"position\":2,\"name\":\"Prefeito Coco de Od\u00e1lio amplia base e anuncia ades\u00e3o de mais tr\u00eas fam\u00edlias em Tavares\"}]},{\"@type\":\"WebSite\",\"@id\":\"https:\/\/blogdodjacirpereira.com.br\/blog\/#website\",\"url\":\"https:\/\/blogdodjacirpereira.com.br\/blog\/\",\"name\":\"blog do Djacir Pereira\",\"description\":\"\",\"publisher\":{\"@id\":\"https:\/\/blogdodjacirpereira.com.br\/blog\/#\/schema\/person\/1b0e6c6e04fed652ddcca99f93ad336f\"},\"alternateName\":\"blog do Djacir Pereira\",\"potentialAction\":[{\"@type\":\"SearchAction\",\"target\":{\"@type\":\"EntryPoint\",\"urlTemplate\":\"https:\/\/blogdodjacirpereira.com.br\/blog\/?s={search_term_string}\"},\"query-input\":{\"@type\":\"PropertyValueSpecification\",\"valueRequired\":true,\"valueName\":\"search_term_string\"}}],\"inLanguage\":\"pt-BR\"},{\"@type\":[\"Person\",\"Organization\"],\"@id\":\"https:\/\/blogdodjacirpereira.com.br\/blog\/#\/schema\/person\/1b0e6c6e04fed652ddcca99f93ad336f\",\"name\":\"Djacir Pereira\",\"image\":{\"@type\":\"ImageObject\",\"inLanguage\":\"pt-BR\",\"@id\":\"https:\/\/blogdodjacirpereira.com.br\/blog\/#\/schema\/person\/image\/\",\"url\":\"https:\/\/blogdodjacirpereira.com.br\/blog\/wp-content\/uploads\/2022\/05\/LOGOMARCA5.jpg\",\"contentUrl\":\"https:\/\/blogdodjacirpereira.com.br\/blog\/wp-content\/uploads\/2022\/05\/LOGOMARCA5.jpg\",\"width\":945,\"height\":945,\"caption\":\"Djacir Pereira\"},\"logo\":{\"@id\":\"https:\/\/blogdodjacirpereira.com.br\/blog\/#\/schema\/person\/image\/\"},\"sameAs\":[\"https:\/\/blogdodjacirpereira.com.br\/blog\/\",\"https:\/\/www.facebook.com\/BlogDjacirPereira\",\"https:\/\/www.instagram.com\/djacirpereira\/\",\"https:\/\/www.youtube.com\/c\/blogdodjacirpereira\/videos\"],\"url\":\"https:\/\/blogdodjacirpereira.com.br\/blog\/index.php\/author\/djacyr\/\"}]}<\/script>\n<!-- \/ Yoast SEO plugin. -->","yoast_head_json":{"title":"Prefeito Coco de Od\u00e1lio amplia base e anuncia ades\u00e3o de mais tr\u00eas fam\u00edlias em Tavares - Blog do Djacir Pereira","robots":{"index":"index","follow":"follow","max-snippet":"max-snippet:-1","max-image-preview":"max-image-preview:large","max-video-preview":"max-video-preview:-1"},"canonical":"https:\/\/blogdodjacirpereira.com.br\/blog\/index.php\/2026\/09\/05\/prefeito-coco-de-odalio-amplia-base-e-anuncia-adesao-de-mais-tres-familias-em-tavares\/","og_locale":"pt_BR","og_type":"article","og_title":"Prefeito Coco de Od\u00e1lio amplia base e anuncia ades\u00e3o de mais tr\u00eas fam\u00edlias em Tavares - Blog do Djacir Pereira","og_description":"O prefeito de Tavares, no Sert\u00e3o da Para\u00edba, Genildo Jos\u00e9 da Silva, o Coco de Od\u00e1lio, segue fortalecendo o grupo de situa\u00e7\u00e3o no munic\u00edpio com novas ades\u00f5es. Neste s\u00e1bado (5\/9), mais tr\u00eas fam\u00edlias declararam apoio ao projeto pol\u00edtico do gestor. Zuca, Heleno e Carla, e C\u00edcero de Iracema confirmaram que passam a integrar a base ... Leia mais","og_url":"https:\/\/blogdodjacirpereira.com.br\/blog\/index.php\/2026\/09\/05\/prefeito-coco-de-odalio-amplia-base-e-anuncia-adesao-de-mais-tres-familias-em-tavares\/","og_site_name":"Blog do Djacir Pereira","article_publisher":"https:\/\/www.facebook.com\/BlogDjacirPereira","article_author":"https:\/\/www.facebook.com\/BlogDjacirPereira","article_published_time":"2026-09-05T21:37:42+00:00","article_modified_time":"2026-09-05T21:41:35+00:00","og_image":[{"width":1199,"height":529,"url":"https:\/\/blogdodjacirpereira.com.br\/blog\/wp-content\/uploads\/2026\/09\/copy_D8977DEF-2F78-4724-8D88-C15109B20B00.jpeg","type":"image\/jpeg"}],"author":"Djacir Pereira","twitter_card":"summary_large_image","twitter_misc":{"Escrito por":"Djacir Pereira","Est. tempo de leitura":"1 minuto"},"schema":{"@context":"https:\/\/schema.org","@graph":[{"@type":"Article","@id":"https:\/\/blogdodjacirpereira.com.br\/blog\/index.php\/2026\/09\/05\/prefeito-coco-de-odalio-amplia-base-e-anuncia-adesao-de-mais-tres-familias-em-tavares\/#article","isPartOf":{"@id":"https:\/\/blogdodjacirpereira.com.br\/blog\/index.php\/2026\/09\/05\/prefeito-coco-de-odalio-amplia-base-e-anuncia-adesao-de-mais-tres-familias-em-tavares\/"},"author":{"name":"Djacir Pereira","@id":"https:\/\/blogdodjacirpereira.com.br\/blog\/#\/schema\/person\/1b0e6c6e04fed652ddcca99f93ad336f"},"headline":"Prefeito Coco de Od\u00e1lio amplia base e anuncia ades\u00e3o de mais tr\u00eas fam\u00edlias em Tavares","datePublished":"2026-09-05T21:37:42+00:00","dateModified":"2026-09-05T21:41:35+00:00","mainEntityOfPage":{"@id":"https:\/\/blogdodjacirpereira.com.br\/blog\/index.php\/2026\/09\/05\/prefeito-coco-de-odalio-amplia-base-e-anuncia-adesao-de-mais-tres-familias-em-tavares\/"},"wordCount":180,"commentCount":0,"publisher":{"@id":"https:\/\/blogdodjacirpereira.com.br\/blog\/#\/schema\/person\/1b0e6c6e04fed652ddcca99f93ad336f"},"image":{"@id":"https:\/\/blogdodjacirpereira.com.br\/blog\/index.php\/2026\/09\/05\/prefeito-coco-de-odalio-amplia-base-e-anuncia-adesao-de-mais-tres-familias-em-tavares\/#primaryimage"},"thumbnailUrl":"https:\/\/blogdodjacirpereira.com.br\/blog\/wp-content\/uploads\/2026\/09\/copy_D8977DEF-2F78-4724-8D88-C15109B20B00.jpeg","articleSection":["Destaque"],"inLanguage":"pt-BR","potentialAction":[{"@type":"CommentAction","name":"Comment","target":["https:\/\/blogdodjacirpereira.com.br\/blog\/index.php\/2026\/09\/05\/prefeito-coco-de-odalio-amplia-base-e-anuncia-adesao-de-mais-tres-familias-em-tavares\/#respond"]}]},{"@type":"WebPage","@id":"https:\/\/blogdodjacirpereira.com.br\/blog\/index.php\/2026\/09\/05\/prefeito-coco-de-odalio-amplia-base-e-anuncia-adesao-de-mais-tres-familias-em-tavares\/","url":"https:\/\/blogdodjacirpereira.com.br\/blog\/index.php\/2026\/09\/05\/prefeito-coco-de-odalio-amplia-base-e-anuncia-adesao-de-mais-tres-familias-em-tavares\/","name":"Prefeito Coco de Od\u00e1lio amplia base e anuncia ades\u00e3o de mais tr\u00eas fam\u00edlias em Tavares - Blog do Djacir Pereira","isPartOf":{"@id":"https:\/\/blogdodjacirpereira.com.br\/blog\/#website"},"primaryImageOfPage":{"@id":"https:\/\/blogdodjacirpereira.com.br\/blog\/index.php\/2026\/09\/05\/prefeito-coco-de-odalio-amplia-base-e-anuncia-adesao-de-mais-tres-familias-em-tavares\/#primaryimage"},"image":{"@id":"https:\/\/blogdodjacirpereira.com.br\/blog\/index.php\/2026\/09\/05\/prefeito-coco-de-odalio-amplia-base-e-anuncia-adesao-de-mais-tres-familias-em-tavares\/#primaryimage"},"thumbnailUrl":"https:\/\/blogdodjacirpereira.com.br\/blog\/wp-content\/uploads\/2026\/09\/copy_D8977DEF-2F78-4724-8D88-C15109B20B00.jpeg","datePublished":"2026-09-05T21:37:42+00:00","dateModified":"2026-09-05T21:41:35+00:00","breadcrumb":{"@id":"https:\/\/blogdodjacirpereira.com.br\/blog\/index.php\/2026\/09\/05\/prefeito-coco-de-odalio-amplia-base-e-anuncia-adesao-de-mais-tres-familias-em-tavares\/#breadcrumb"},"inLanguage":"pt-BR","potentialAction":[{"@type":"ReadAction","target":["https:\/\/blogdodjacirpereira.com.br\/blog\/index.php\/2026\/09\/05\/prefeito-coco-de-odalio-amplia-base-e-anuncia-adesao-de-mais-tres-familias-em-tavares\/"]}]},{"@type":"ImageObject","inLanguage":"pt-BR","@id":"https:\/\/blogdodjacirpereira.com.br\/blog\/index.php\/2026\/09\/05\/prefeito-coco-de-odalio-amplia-base-e-anuncia-adesao-de-mais-tres-familias-em-tavares\/#primaryimage","url":"https:\/\/blogdodjacirpereira.com.br\/blog\/wp-content\/uploads\/2026\/09\/copy_D8977DEF-2F78-4724-8D88-C15109B20B00.jpeg","contentUrl":"https:\/\/blogdodjacirpereira.com.br\/blog\/wp-content\/uploads\/2026\/09\/copy_D8977DEF-2F78-4724-8D88-C15109B20B00.jpeg","width":1199,"height":529,"caption":"{\"tiktok_developers_3p_anchor_params\":\"{\"capability_name\":\"capcut_photo_editor\",\"region\":\"BR\",\"enterFrom\":\"new_image\",\"os\":\"ios\",\"source_platform\":\"mobile_1\",\"pictureId\":\"CAC17387-49AE-40D8-A9CE-0F45350A0109\",\"editType\":\"image_edit\",\"product\":\"vicut\",\"client_key\":\"aw889s25wozf8s7e\",\"source_type\":\"vicut\",\"appVersion\":\"19.3.0\"}\",\"source_type\":\"vicut\",\"data\":{\"pictureId\":\"CAC17387-49AE-40D8-A9CE-0F45350A0109\",\"source_type\":\"vicut\",\"product\":\"vicut\",\"capability_name\":\"capcut_photo_editor\",\"editType\":\"image_edit\",\"region\":\"BR\",\"client_key\":\"aw889s25wozf8s7e\",\"appVersion\":\"19.3.0\",\"enterFrom\":\"new_image\",\"source_platform\":\"mobile_1\",\"os\":\"ios\"}}"},{"@type":"BreadcrumbList","@id":"https:\/\/blogdodjacirpereira.com.br\/blog\/index.php\/2026\/09\/05\/prefeito-coco-de-odalio-amplia-base-e-anuncia-adesao-de-mais-tres-familias-em-tavares\/#breadcrumb","itemListElement":[{"@type":"ListItem","position":1,"name":"In\u00edcio","item":"https:\/\/blogdodjacirpereira.com.br\/blog\/"},{"@type":"ListItem","position":2,"name":"Prefeito Coco de Od\u00e1lio amplia base e anuncia ades\u00e3o de mais tr\u00eas fam\u00edlias em Tavares"}]},{"@type":"WebSite","@id":"https:\/\/blogdodjacirpereira.com.br\/blog\/#website","url":"https:\/\/blogdodjacirpereira.com.br\/blog\/","name":"blog do Djacir Pereira","description":"","publisher":{"@id":"https:\/\/blogdodjacirpereira.com.br\/blog\/#\/schema\/person\/1b0e6c6e04fed652ddcca99f93ad336f"},"alternateName":"blog do Djacir Pereira","potentialAction":[{"@type":"SearchAction","target":{"@type":"EntryPoint","urlTemplate":"https:\/\/blogdodjacirpereira.com.br\/blog\/?s={search_term_string}"},"query-input":{"@type":"PropertyValueSpecification","valueRequired":true,"valueName":"search_term_string"}}],"inLanguage":"pt-BR"},{"@type":["Person","Organization"],"@id":"https:\/\/blogdodjacirpereira.com.br\/blog\/#\/schema\/person\/1b0e6c6e04fed652ddcca99f93ad336f","name":"Djacir Pereira","image":{"@type":"ImageObject","inLanguage":"pt-BR","@id":"https:\/\/blogdodjacirpereira.com.br\/blog\/#\/schema\/person\/image\/","url":"https:\/\/blogdodjacirpereira.com.br\/blog\/wp-content\/uploads\/2022\/05\/LOGOMARCA5.jpg","contentUrl":"https:\/\/blogdodjacirpereira.com.br\/blog\/wp-content\/uploads\/2022\/05\/LOGOMARCA5.jpg","width":945,"height":945,"caption":"Djacir Pereira"},"logo":{"@id":"https:\/\/blogdodjacirpereira.com.br\/blog\/#\/schema\/person\/image\/"},"sameAs":["https:\/\/blogdodjacirpereira.com.br\/blog\/","https:\/\/www.facebook.com\/BlogDjacirPereira","https:\/\/www.instagram.com\/djacirpereira\/","https:\/\/www.youtube.com\/c\/blogdodjacirpereira\/videos"],"url":"https:\/\/blogdodjacirpereira.com.br\/blog\/index.php\/author\/djacyr\/"}]}},"_links":{"self":[{"href":"https:\/\/blogdodjacirpereira.com.br\/blog\/index.php\/wp-json\/wp\/v2\/posts\/55192","targetHints":{"allow":["GET"]}}],"collection":[{"href":"https:\/\/blogdodjacirpereira.com.br\/blog\/index.php\/wp-json\/wp\/v2\/posts"}],"about":[{"href":"https:\/\/blogdodjacirpereira.com.br\/blog\/index.php\/wp-json\/wp\/v2\/types\/post"}],"author":[{"embeddable":true,"href":"https:\/\/blogdodjacirpereira.com.br\/blog\/index.php\/wp-json\/wp\/v2\/users\/2"}],"replies":[{"embeddable":true,"href":"https:\/\/blogdodjacirpereira.com.br\/blog\/index.php\/wp-json\/wp\/v2\/comments?post=55192"}],"version-history":[{"count":4,"href":"https:\/\/blogdodjacirpereira.com.br\/blog\/index.php\/wp-json\/wp\/v2\/posts\/55192\/revisions"}],"predecessor-version":[{"id":55200,"href":"https:\/\/blogdodjacirpereira.com.br\/blog\/index.php\/wp-json\/wp\/v2\/posts\/55192\/revisions\/55200"}],"wp:featuredmedia":[{"embeddable":true,"href":"https:\/\/blogdodjacirpereira.com.br\/blog\/index.php\/wp-json\/wp\/v2\/media\/55193"}],"wp:attachment":[{"href":"https:\/\/blogdodjacirpereira.com.br\/blog\/index.php\/wp-json\/wp\/v2\/media?parent=55192"}],"wp:term":[{"taxonomy":"category","embeddable":true,"href":"https:\/\/blogdodjacirpereira.com.br\/blog\/index.php\/wp-json\/wp\/v2\/categories?post=55192"},{"taxonomy":"post_tag","embeddable":true,"href":"https:\/\/blogdodjacirpereira.com.br\/blog\/index.php\/wp-json\/wp\/v2\/tags?post=55192"}],"curies":[{"name":"wp","href":"https:\/\/api.w.org\/{rel}","templated":true}]}}