{"id":55201,"date":"2026-09-06T06:46:19","date_gmt":"2026-09-06T09:46:19","guid":{"rendered":"https:\/\/blogdodjacirpereira.com.br\/blog\/?p=55201"},"modified":"2026-09-06T06:48:50","modified_gmt":"2026-09-06T09:48:50","slug":"jovem-de-23-anos-e-encontrado-morto-no-distrito-de-manguenza-em-nova-olinda","status":"publish","type":"post","link":"https:\/\/blogdodjacirpereira.com.br\/blog\/index.php\/2026\/09\/06\/jovem-de-23-anos-e-encontrado-morto-no-distrito-de-manguenza-em-nova-olinda\/","title":{"rendered":"Jovem de 23 anos \u00e9 encontrado morto no Distrito de Manguenza, em Nova Olinda"},"content":{"rendered":"<p><span style=\"font-size: 18pt\">Um jovem de 23 anos foi localizado sem vida na tarde deste s\u00e1bado (5) no Distrito de Manguenza, \u00e1rea rural pertencente ao munic\u00edpio de Nova Olinda, no Vale do Pianc\u00f3, interior da Para\u00edba. A v\u00edtima foi identificada como Jos\u00e9 Eufr\u00e1sio da Silva, conhecido na regi\u00e3o como &#8220;Jos\u00e9 de Gil&#8221;.<\/span><\/p>\n<p><span style=\"font-size: 18pt\">A Pol\u00edcia Militar compareceu ao local ap\u00f3s ser acionada por moradores que encontraram o corpo do jovem, que era uma figura bastante conhecida na localidade. At\u00e9 o momento, as causas e circunst\u00e2ncias exatas do falecimento n\u00e3o foram confirmadas pelos \u00f3rg\u00e3os oficiais.<\/span><\/p>\n<p><span style=\"font-size: 18pt\">Embora a linha inicial de apura\u00e7\u00e3o trabalhe com a suspeita de que ele possa ter atentado contra a pr\u00f3pria vida, o caso ser\u00e1 submetido a uma investiga\u00e7\u00e3o formal pelas autoridades competentes para determinar o que de fato aconteceu. O corpo passar\u00e1 por exames periciais de praxe antes de sua libera\u00e7\u00e3o para o sepultamento por parte dos familiares.<\/span><\/p>\n","protected":false},"excerpt":{"rendered":"<p>Um jovem de 23 anos foi localizado sem vida na tarde deste s\u00e1bado (5) no Distrito de Manguenza, \u00e1rea rural pertencente ao munic\u00edpio de Nova Olinda, no Vale do Pianc\u00f3, interior da Para\u00edba. A v\u00edtima foi identificada como Jos\u00e9 Eufr\u00e1sio da Silva, conhecido na regi\u00e3o como &#8220;Jos\u00e9 de Gil&#8221;. A Pol\u00edcia Militar compareceu ao local &#8230; <a title=\"Jovem de 23 anos \u00e9 encontrado morto no Distrito de Manguenza, em Nova Olinda\" class=\"read-more\" href=\"https:\/\/blogdodjacirpereira.com.br\/blog\/index.php\/2026\/09\/06\/jovem-de-23-anos-e-encontrado-morto-no-distrito-de-manguenza-em-nova-olinda\/\" aria-label=\"More on Jovem de 23 anos \u00e9 encontrado morto no Distrito de Manguenza, em Nova Olinda\">Leia mais<\/a><\/p>\n","protected":false},"author":2,"featured_media":55202,"comment_status":"open","ping_status":"open","sticky":false,"template":"","format":"standard","meta":{"footnotes":""},"categories":[35],"tags":[],"class_list":["post-55201","post","type-post","status-publish","format-standard","has-post-thumbnail","hentry","category-destaque"],"yoast_head":"<!-- This site is optimized with the Yoast SEO plugin v26.6 - https:\/\/yoast.com\/wordpress\/plugins\/seo\/ -->\n<title>Jovem de 23 anos \u00e9 encontrado morto no Distrito de Manguenza, em Nova Olinda - Blog do Djacir Pereira<\/title>\n<meta name=\"robots\" content=\"index, follow, max-snippet:-1, max-image-preview:large, max-video-preview:-1\" \/>\n<link rel=\"canonical\" href=\"https:\/\/blogdodjacirpereira.com.br\/blog\/index.php\/2026\/09\/06\/jovem-de-23-anos-e-encontrado-morto-no-distrito-de-manguenza-em-nova-olinda\/\" \/>\n<meta property=\"og:locale\" content=\"pt_BR\" \/>\n<meta property=\"og:type\" content=\"article\" \/>\n<meta property=\"og:title\" content=\"Jovem de 23 anos \u00e9 encontrado morto no Distrito de Manguenza, em Nova Olinda - Blog do Djacir Pereira\" \/>\n<meta property=\"og:description\" content=\"Um jovem de 23 anos foi localizado sem vida na tarde deste s\u00e1bado (5) no Distrito de Manguenza, \u00e1rea rural pertencente ao munic\u00edpio de Nova Olinda, no Vale do Pianc\u00f3, interior da Para\u00edba. A v\u00edtima foi identificada como Jos\u00e9 Eufr\u00e1sio da Silva, conhecido na regi\u00e3o como &#8220;Jos\u00e9 de Gil&#8221;. A Pol\u00edcia Militar compareceu ao local ... Leia mais\" \/>\n<meta property=\"og:url\" content=\"https:\/\/blogdodjacirpereira.com.br\/blog\/index.php\/2026\/09\/06\/jovem-de-23-anos-e-encontrado-morto-no-distrito-de-manguenza-em-nova-olinda\/\" \/>\n<meta property=\"og:site_name\" content=\"Blog do Djacir Pereira\" \/>\n<meta property=\"article:publisher\" content=\"https:\/\/www.facebook.com\/BlogDjacirPereira\" \/>\n<meta property=\"article:author\" content=\"https:\/\/www.facebook.com\/BlogDjacirPereira\" \/>\n<meta property=\"article:published_time\" content=\"2026-09-06T09:46:19+00:00\" \/>\n<meta property=\"article:modified_time\" content=\"2026-09-06T09:48:50+00:00\" \/>\n<meta property=\"og:image\" content=\"https:\/\/blogdodjacirpereira.com.br\/blog\/wp-content\/uploads\/2026\/09\/IMG_5756.jpeg\" \/>\n\t<meta property=\"og:image:width\" content=\"1179\" \/>\n\t<meta property=\"og:image:height\" content=\"630\" \/>\n\t<meta property=\"og:image:type\" content=\"image\/jpeg\" \/>\n<meta name=\"author\" content=\"Djacir Pereira\" \/>\n<meta name=\"twitter:card\" content=\"summary_large_image\" \/>\n<meta name=\"twitter:label1\" content=\"Escrito por\" \/>\n\t<meta name=\"twitter:data1\" content=\"Djacir Pereira\" \/>\n\t<meta name=\"twitter:label2\" content=\"Est. tempo de leitura\" \/>\n\t<meta name=\"twitter:data2\" content=\"2 minutos\" \/>\n<script type=\"application\/ld+json\" class=\"yoast-schema-graph\">{\"@context\":\"https:\/\/schema.org\",\"@graph\":[{\"@type\":\"Article\",\"@id\":\"https:\/\/blogdodjacirpereira.com.br\/blog\/index.php\/2026\/09\/06\/jovem-de-23-anos-e-encontrado-morto-no-distrito-de-manguenza-em-nova-olinda\/#article\",\"isPartOf\":{\"@id\":\"https:\/\/blogdodjacirpereira.com.br\/blog\/index.php\/2026\/09\/06\/jovem-de-23-anos-e-encontrado-morto-no-distrito-de-manguenza-em-nova-olinda\/\"},\"author\":{\"name\":\"Djacir Pereira\",\"@id\":\"https:\/\/blogdodjacirpereira.com.br\/blog\/#\/schema\/person\/1b0e6c6e04fed652ddcca99f93ad336f\"},\"headline\":\"Jovem de 23 anos \u00e9 encontrado morto no Distrito de Manguenza, em Nova Olinda\",\"datePublished\":\"2026-09-06T09:46:19+00:00\",\"dateModified\":\"2026-09-06T09:48:50+00:00\",\"mainEntityOfPage\":{\"@id\":\"https:\/\/blogdodjacirpereira.com.br\/blog\/index.php\/2026\/09\/06\/jovem-de-23-anos-e-encontrado-morto-no-distrito-de-manguenza-em-nova-olinda\/\"},\"wordCount\":172,\"commentCount\":0,\"publisher\":{\"@id\":\"https:\/\/blogdodjacirpereira.com.br\/blog\/#\/schema\/person\/1b0e6c6e04fed652ddcca99f93ad336f\"},\"image\":{\"@id\":\"https:\/\/blogdodjacirpereira.com.br\/blog\/index.php\/2026\/09\/06\/jovem-de-23-anos-e-encontrado-morto-no-distrito-de-manguenza-em-nova-olinda\/#primaryimage\"},\"thumbnailUrl\":\"https:\/\/blogdodjacirpereira.com.br\/blog\/wp-content\/uploads\/2026\/09\/IMG_5756.jpeg\",\"articleSection\":[\"Destaque\"],\"inLanguage\":\"pt-BR\",\"potentialAction\":[{\"@type\":\"CommentAction\",\"name\":\"Comment\",\"target\":[\"https:\/\/blogdodjacirpereira.com.br\/blog\/index.php\/2026\/09\/06\/jovem-de-23-anos-e-encontrado-morto-no-distrito-de-manguenza-em-nova-olinda\/#respond\"]}]},{\"@type\":\"WebPage\",\"@id\":\"https:\/\/blogdodjacirpereira.com.br\/blog\/index.php\/2026\/09\/06\/jovem-de-23-anos-e-encontrado-morto-no-distrito-de-manguenza-em-nova-olinda\/\",\"url\":\"https:\/\/blogdodjacirpereira.com.br\/blog\/index.php\/2026\/09\/06\/jovem-de-23-anos-e-encontrado-morto-no-distrito-de-manguenza-em-nova-olinda\/\",\"name\":\"Jovem de 23 anos \u00e9 encontrado morto no Distrito de Manguenza, em Nova Olinda - Blog do Djacir Pereira\",\"isPartOf\":{\"@id\":\"https:\/\/blogdodjacirpereira.com.br\/blog\/#website\"},\"primaryImageOfPage\":{\"@id\":\"https:\/\/blogdodjacirpereira.com.br\/blog\/index.php\/2026\/09\/06\/jovem-de-23-anos-e-encontrado-morto-no-distrito-de-manguenza-em-nova-olinda\/#primaryimage\"},\"image\":{\"@id\":\"https:\/\/blogdodjacirpereira.com.br\/blog\/index.php\/2026\/09\/06\/jovem-de-23-anos-e-encontrado-morto-no-distrito-de-manguenza-em-nova-olinda\/#primaryimage\"},\"thumbnailUrl\":\"https:\/\/blogdodjacirpereira.com.br\/blog\/wp-content\/uploads\/2026\/09\/IMG_5756.jpeg\",\"datePublished\":\"2026-09-06T09:46:19+00:00\",\"dateModified\":\"2026-09-06T09:48:50+00:00\",\"breadcrumb\":{\"@id\":\"https:\/\/blogdodjacirpereira.com.br\/blog\/index.php\/2026\/09\/06\/jovem-de-23-anos-e-encontrado-morto-no-distrito-de-manguenza-em-nova-olinda\/#breadcrumb\"},\"inLanguage\":\"pt-BR\",\"potentialAction\":[{\"@type\":\"ReadAction\",\"target\":[\"https:\/\/blogdodjacirpereira.com.br\/blog\/index.php\/2026\/09\/06\/jovem-de-23-anos-e-encontrado-morto-no-distrito-de-manguenza-em-nova-olinda\/\"]}]},{\"@type\":\"ImageObject\",\"inLanguage\":\"pt-BR\",\"@id\":\"https:\/\/blogdodjacirpereira.com.br\/blog\/index.php\/2026\/09\/06\/jovem-de-23-anos-e-encontrado-morto-no-distrito-de-manguenza-em-nova-olinda\/#primaryimage\",\"url\":\"https:\/\/blogdodjacirpereira.com.br\/blog\/wp-content\/uploads\/2026\/09\/IMG_5756.jpeg\",\"contentUrl\":\"https:\/\/blogdodjacirpereira.com.br\/blog\/wp-content\/uploads\/2026\/09\/IMG_5756.jpeg\",\"width\":1179,\"height\":630,\"caption\":\"Screenshot\"},{\"@type\":\"BreadcrumbList\",\"@id\":\"https:\/\/blogdodjacirpereira.com.br\/blog\/index.php\/2026\/09\/06\/jovem-de-23-anos-e-encontrado-morto-no-distrito-de-manguenza-em-nova-olinda\/#breadcrumb\",\"itemListElement\":[{\"@type\":\"ListItem\",\"position\":1,\"name\":\"In\u00edcio\",\"item\":\"https:\/\/blogdodjacirpereira.com.br\/blog\/\"},{\"@type\":\"ListItem\",\"position\":2,\"name\":\"Jovem de 23 anos \u00e9 encontrado morto no Distrito de Manguenza, em Nova Olinda\"}]},{\"@type\":\"WebSite\",\"@id\":\"https:\/\/blogdodjacirpereira.com.br\/blog\/#website\",\"url\":\"https:\/\/blogdodjacirpereira.com.br\/blog\/\",\"name\":\"blog do Djacir Pereira\",\"description\":\"\",\"publisher\":{\"@id\":\"https:\/\/blogdodjacirpereira.com.br\/blog\/#\/schema\/person\/1b0e6c6e04fed652ddcca99f93ad336f\"},\"alternateName\":\"blog do Djacir Pereira\",\"potentialAction\":[{\"@type\":\"SearchAction\",\"target\":{\"@type\":\"EntryPoint\",\"urlTemplate\":\"https:\/\/blogdodjacirpereira.com.br\/blog\/?s={search_term_string}\"},\"query-input\":{\"@type\":\"PropertyValueSpecification\",\"valueRequired\":true,\"valueName\":\"search_term_string\"}}],\"inLanguage\":\"pt-BR\"},{\"@type\":[\"Person\",\"Organization\"],\"@id\":\"https:\/\/blogdodjacirpereira.com.br\/blog\/#\/schema\/person\/1b0e6c6e04fed652ddcca99f93ad336f\",\"name\":\"Djacir Pereira\",\"image\":{\"@type\":\"ImageObject\",\"inLanguage\":\"pt-BR\",\"@id\":\"https:\/\/blogdodjacirpereira.com.br\/blog\/#\/schema\/person\/image\/\",\"url\":\"https:\/\/blogdodjacirpereira.com.br\/blog\/wp-content\/uploads\/2022\/05\/LOGOMARCA5.jpg\",\"contentUrl\":\"https:\/\/blogdodjacirpereira.com.br\/blog\/wp-content\/uploads\/2022\/05\/LOGOMARCA5.jpg\",\"width\":945,\"height\":945,\"caption\":\"Djacir Pereira\"},\"logo\":{\"@id\":\"https:\/\/blogdodjacirpereira.com.br\/blog\/#\/schema\/person\/image\/\"},\"sameAs\":[\"https:\/\/blogdodjacirpereira.com.br\/blog\/\",\"https:\/\/www.facebook.com\/BlogDjacirPereira\",\"https:\/\/www.instagram.com\/djacirpereira\/\",\"https:\/\/www.youtube.com\/c\/blogdodjacirpereira\/videos\"],\"url\":\"https:\/\/blogdodjacirpereira.com.br\/blog\/index.php\/author\/djacyr\/\"}]}<\/script>\n<!-- \/ Yoast SEO plugin. -->","yoast_head_json":{"title":"Jovem de 23 anos \u00e9 encontrado morto no Distrito de Manguenza, em Nova Olinda - Blog do Djacir Pereira","robots":{"index":"index","follow":"follow","max-snippet":"max-snippet:-1","max-image-preview":"max-image-preview:large","max-video-preview":"max-video-preview:-1"},"canonical":"https:\/\/blogdodjacirpereira.com.br\/blog\/index.php\/2026\/09\/06\/jovem-de-23-anos-e-encontrado-morto-no-distrito-de-manguenza-em-nova-olinda\/","og_locale":"pt_BR","og_type":"article","og_title":"Jovem de 23 anos \u00e9 encontrado morto no Distrito de Manguenza, em Nova Olinda - Blog do Djacir Pereira","og_description":"Um jovem de 23 anos foi localizado sem vida na tarde deste s\u00e1bado (5) no Distrito de Manguenza, \u00e1rea rural pertencente ao munic\u00edpio de Nova Olinda, no Vale do Pianc\u00f3, interior da Para\u00edba. A v\u00edtima foi identificada como Jos\u00e9 Eufr\u00e1sio da Silva, conhecido na regi\u00e3o como &#8220;Jos\u00e9 de Gil&#8221;. A Pol\u00edcia Militar compareceu ao local ... Leia mais","og_url":"https:\/\/blogdodjacirpereira.com.br\/blog\/index.php\/2026\/09\/06\/jovem-de-23-anos-e-encontrado-morto-no-distrito-de-manguenza-em-nova-olinda\/","og_site_name":"Blog do Djacir Pereira","article_publisher":"https:\/\/www.facebook.com\/BlogDjacirPereira","article_author":"https:\/\/www.facebook.com\/BlogDjacirPereira","article_published_time":"2026-09-06T09:46:19+00:00","article_modified_time":"2026-09-06T09:48:50+00:00","og_image":[{"width":1179,"height":630,"url":"https:\/\/blogdodjacirpereira.com.br\/blog\/wp-content\/uploads\/2026\/09\/IMG_5756.jpeg","type":"image\/jpeg"}],"author":"Djacir Pereira","twitter_card":"summary_large_image","twitter_misc":{"Escrito por":"Djacir Pereira","Est. tempo de leitura":"2 minutos"},"schema":{"@context":"https:\/\/schema.org","@graph":[{"@type":"Article","@id":"https:\/\/blogdodjacirpereira.com.br\/blog\/index.php\/2026\/09\/06\/jovem-de-23-anos-e-encontrado-morto-no-distrito-de-manguenza-em-nova-olinda\/#article","isPartOf":{"@id":"https:\/\/blogdodjacirpereira.com.br\/blog\/index.php\/2026\/09\/06\/jovem-de-23-anos-e-encontrado-morto-no-distrito-de-manguenza-em-nova-olinda\/"},"author":{"name":"Djacir Pereira","@id":"https:\/\/blogdodjacirpereira.com.br\/blog\/#\/schema\/person\/1b0e6c6e04fed652ddcca99f93ad336f"},"headline":"Jovem de 23 anos \u00e9 encontrado morto no Distrito de Manguenza, em Nova Olinda","datePublished":"2026-09-06T09:46:19+00:00","dateModified":"2026-09-06T09:48:50+00:00","mainEntityOfPage":{"@id":"https:\/\/blogdodjacirpereira.com.br\/blog\/index.php\/2026\/09\/06\/jovem-de-23-anos-e-encontrado-morto-no-distrito-de-manguenza-em-nova-olinda\/"},"wordCount":172,"commentCount":0,"publisher":{"@id":"https:\/\/blogdodjacirpereira.com.br\/blog\/#\/schema\/person\/1b0e6c6e04fed652ddcca99f93ad336f"},"image":{"@id":"https:\/\/blogdodjacirpereira.com.br\/blog\/index.php\/2026\/09\/06\/jovem-de-23-anos-e-encontrado-morto-no-distrito-de-manguenza-em-nova-olinda\/#primaryimage"},"thumbnailUrl":"https:\/\/blogdodjacirpereira.com.br\/blog\/wp-content\/uploads\/2026\/09\/IMG_5756.jpeg","articleSection":["Destaque"],"inLanguage":"pt-BR","potentialAction":[{"@type":"CommentAction","name":"Comment","target":["https:\/\/blogdodjacirpereira.com.br\/blog\/index.php\/2026\/09\/06\/jovem-de-23-anos-e-encontrado-morto-no-distrito-de-manguenza-em-nova-olinda\/#respond"]}]},{"@type":"WebPage","@id":"https:\/\/blogdodjacirpereira.com.br\/blog\/index.php\/2026\/09\/06\/jovem-de-23-anos-e-encontrado-morto-no-distrito-de-manguenza-em-nova-olinda\/","url":"https:\/\/blogdodjacirpereira.com.br\/blog\/index.php\/2026\/09\/06\/jovem-de-23-anos-e-encontrado-morto-no-distrito-de-manguenza-em-nova-olinda\/","name":"Jovem de 23 anos \u00e9 encontrado morto no Distrito de Manguenza, em Nova Olinda - Blog do Djacir Pereira","isPartOf":{"@id":"https:\/\/blogdodjacirpereira.com.br\/blog\/#website"},"primaryImageOfPage":{"@id":"https:\/\/blogdodjacirpereira.com.br\/blog\/index.php\/2026\/09\/06\/jovem-de-23-anos-e-encontrado-morto-no-distrito-de-manguenza-em-nova-olinda\/#primaryimage"},"image":{"@id":"https:\/\/blogdodjacirpereira.com.br\/blog\/index.php\/2026\/09\/06\/jovem-de-23-anos-e-encontrado-morto-no-distrito-de-manguenza-em-nova-olinda\/#primaryimage"},"thumbnailUrl":"https:\/\/blogdodjacirpereira.com.br\/blog\/wp-content\/uploads\/2026\/09\/IMG_5756.jpeg","datePublished":"2026-09-06T09:46:19+00:00","dateModified":"2026-09-06T09:48:50+00:00","breadcrumb":{"@id":"https:\/\/blogdodjacirpereira.com.br\/blog\/index.php\/2026\/09\/06\/jovem-de-23-anos-e-encontrado-morto-no-distrito-de-manguenza-em-nova-olinda\/#breadcrumb"},"inLanguage":"pt-BR","potentialAction":[{"@type":"ReadAction","target":["https:\/\/blogdodjacirpereira.com.br\/blog\/index.php\/2026\/09\/06\/jovem-de-23-anos-e-encontrado-morto-no-distrito-de-manguenza-em-nova-olinda\/"]}]},{"@type":"ImageObject","inLanguage":"pt-BR","@id":"https:\/\/blogdodjacirpereira.com.br\/blog\/index.php\/2026\/09\/06\/jovem-de-23-anos-e-encontrado-morto-no-distrito-de-manguenza-em-nova-olinda\/#primaryimage","url":"https:\/\/blogdodjacirpereira.com.br\/blog\/wp-content\/uploads\/2026\/09\/IMG_5756.jpeg","contentUrl":"https:\/\/blogdodjacirpereira.com.br\/blog\/wp-content\/uploads\/2026\/09\/IMG_5756.jpeg","width":1179,"height":630,"caption":"Screenshot"},{"@type":"BreadcrumbList","@id":"https:\/\/blogdodjacirpereira.com.br\/blog\/index.php\/2026\/09\/06\/jovem-de-23-anos-e-encontrado-morto-no-distrito-de-manguenza-em-nova-olinda\/#breadcrumb","itemListElement":[{"@type":"ListItem","position":1,"name":"In\u00edcio","item":"https:\/\/blogdodjacirpereira.com.br\/blog\/"},{"@type":"ListItem","position":2,"name":"Jovem de 23 anos \u00e9 encontrado morto no Distrito de Manguenza, em Nova Olinda"}]},{"@type":"WebSite","@id":"https:\/\/blogdodjacirpereira.com.br\/blog\/#website","url":"https:\/\/blogdodjacirpereira.com.br\/blog\/","name":"blog do Djacir Pereira","description":"","publisher":{"@id":"https:\/\/blogdodjacirpereira.com.br\/blog\/#\/schema\/person\/1b0e6c6e04fed652ddcca99f93ad336f"},"alternateName":"blog do Djacir Pereira","potentialAction":[{"@type":"SearchAction","target":{"@type":"EntryPoint","urlTemplate":"https:\/\/blogdodjacirpereira.com.br\/blog\/?s={search_term_string}"},"query-input":{"@type":"PropertyValueSpecification","valueRequired":true,"valueName":"search_term_string"}}],"inLanguage":"pt-BR"},{"@type":["Person","Organization"],"@id":"https:\/\/blogdodjacirpereira.com.br\/blog\/#\/schema\/person\/1b0e6c6e04fed652ddcca99f93ad336f","name":"Djacir Pereira","image":{"@type":"ImageObject","inLanguage":"pt-BR","@id":"https:\/\/blogdodjacirpereira.com.br\/blog\/#\/schema\/person\/image\/","url":"https:\/\/blogdodjacirpereira.com.br\/blog\/wp-content\/uploads\/2022\/05\/LOGOMARCA5.jpg","contentUrl":"https:\/\/blogdodjacirpereira.com.br\/blog\/wp-content\/uploads\/2022\/05\/LOGOMARCA5.jpg","width":945,"height":945,"caption":"Djacir Pereira"},"logo":{"@id":"https:\/\/blogdodjacirpereira.com.br\/blog\/#\/schema\/person\/image\/"},"sameAs":["https:\/\/blogdodjacirpereira.com.br\/blog\/","https:\/\/www.facebook.com\/BlogDjacirPereira","https:\/\/www.instagram.com\/djacirpereira\/","https:\/\/www.youtube.com\/c\/blogdodjacirpereira\/videos"],"url":"https:\/\/blogdodjacirpereira.com.br\/blog\/index.php\/author\/djacyr\/"}]}},"_links":{"self":[{"href":"https:\/\/blogdodjacirpereira.com.br\/blog\/index.php\/wp-json\/wp\/v2\/posts\/55201","targetHints":{"allow":["GET"]}}],"collection":[{"href":"https:\/\/blogdodjacirpereira.com.br\/blog\/index.php\/wp-json\/wp\/v2\/posts"}],"about":[{"href":"https:\/\/blogdodjacirpereira.com.br\/blog\/index.php\/wp-json\/wp\/v2\/types\/post"}],"author":[{"embeddable":true,"href":"https:\/\/blogdodjacirpereira.com.br\/blog\/index.php\/wp-json\/wp\/v2\/users\/2"}],"replies":[{"embeddable":true,"href":"https:\/\/blogdodjacirpereira.com.br\/blog\/index.php\/wp-json\/wp\/v2\/comments?post=55201"}],"version-history":[{"count":3,"href":"https:\/\/blogdodjacirpereira.com.br\/blog\/index.php\/wp-json\/wp\/v2\/posts\/55201\/revisions"}],"predecessor-version":[{"id":55205,"href":"https:\/\/blogdodjacirpereira.com.br\/blog\/index.php\/wp-json\/wp\/v2\/posts\/55201\/revisions\/55205"}],"wp:featuredmedia":[{"embeddable":true,"href":"https:\/\/blogdodjacirpereira.com.br\/blog\/index.php\/wp-json\/wp\/v2\/media\/55202"}],"wp:attachment":[{"href":"https:\/\/blogdodjacirpereira.com.br\/blog\/index.php\/wp-json\/wp\/v2\/media?parent=55201"}],"wp:term":[{"taxonomy":"category","embeddable":true,"href":"https:\/\/blogdodjacirpereira.com.br\/blog\/index.php\/wp-json\/wp\/v2\/categories?post=55201"},{"taxonomy":"post_tag","embeddable":true,"href":"https:\/\/blogdodjacirpereira.com.br\/blog\/index.php\/wp-json\/wp\/v2\/tags?post=55201"}],"curies":[{"name":"wp","href":"https:\/\/api.w.org\/{rel}","templated":true}]}}